{"id":363033,"date":"2025-09-03T10:38:17","date_gmt":"2025-09-03T10:38:17","guid":{"rendered":"https:\/\/www.europesays.com\/fr\/363033\/"},"modified":"2025-09-03T10:38:17","modified_gmt":"2025-09-03T10:38:17","slug":"auchan-voyages-conseiller-voyages-experimente-h-f-cdi-faches-thumesnil-59-petites-annonces","status":"publish","type":"post","link":"https:\/\/www.europesays.com\/fr\/363033\/","title":{"rendered":"AUCHAN VOYAGES &#8211; Conseiller voyages exp\u00e9riment\u00e9 H\/F &#8211; CDI &#8211; (Faches Thumesnil (59)) | Petites annonces"},"content":{"rendered":"<p>\n\t\t\t\t <br \/>Qui sommes-nous ? <\/p>\n<p style=\"margin: 30px;\"><b>Auchan Voyages<\/b> est n\u00e9 \u00ab dans la d\u00e9cennie durant laquelle les marques de la grande distribution de l\u2019Hexagone se sont int\u00e9ress\u00e9es au tourisme \u00bb et acquise par <b>MARIETTON DEVELOPPEMENT<\/b> depuis 2015.&#13;\t\t\t\t <\/p>\n<p>Cr\u00e9\u00e9e en 1968 par la famille Abitbol, la premi\u00e8re agence rue Marietton \u00e0 Lyon, est devenue aujourd\u2019hui un groupe,\u00a0<b>Marietton D\u00e9veloppement<\/b>, de plus de 1400 collaborateurs, dot\u00e9 d\u2019une implantation nationale et d\u2019une compl\u00e9mentarit\u00e9 dans les m\u00e9tiers du tourisme&#13;\t\t\t\t <\/p>\n<p>Ses conseillers sont sp\u00e9cialistes, passionn\u00e9s des destinations et proposent s\u00e9jours, circuits, croisi\u00e8res, vols, h\u00f4tels ou voyages sur mesure\u00a0!&#13;\t\t\t\t <\/p>\n<p>Dans le cadre de notre d\u00e9veloppement, nous recherchons <b>un\u00a0Conseiller Voyages pour notre agence de Faches Thumesnil en CDI<\/b> !\u00a0Vous int\u00e9grerez une \u00e9quipe de collaborateurs enthousiastes du voyage<\/p>\n<p>\n\t\t\t\t  Description du poste<\/p>\n<ul style=\"margin: 30px;\"><b>Qui r\u00e9ussit chez nous\u00a0? Des personnalit\u00e9s\u2026<\/b>&#13;\t\t\t\t <\/p>\n<p>\u2022 Aimant vendre une exp\u00e9rience, un s\u00e9jour, un r\u00eave qui se r\u00e9alise\u00a0!&#13;\t\t\t\t <br \/>\u2022 Connaissant les destinations sur le bout des doigts. Vous savez surprendre et le voyage n\u2019a plus de secrets pour vous\u00a0;&#13;\t\t\t\t <br \/>\u2022 Qui chouchoutent nos clients. Vous \u00eates reconnu pour \u00e9tablir d\u2019excellentes relations de confiance ;&#13;\t\t\t\t <br \/>\u2022 Adeptes des mots\u00a0: passion, savoir-faire, confiance, personnalisation, expertise, accompagnement, proximit\u00e9 et surtout sourire.&#13;\t\t\t\t <\/p>\n<\/ul>\n<p>\t\t\t\t  Profil recherch\u00e9 <\/p>\n<p style=\"margin: 30px;\"><b>Cerise sur le g\u00e2teau, notre candidat id\u00e9al\u2026<\/b>&#13;\t\t\t\t <\/p>\n<p>\u2022 Est issu d\u2019une formation touristique ou commerciale ;&#13;\t\t\t\t <br \/>\u2022 Ma\u00eetrise les techniques de vente des produits et des services touristiques\u00a0;&#13;\t\t\t\t <br \/>\u2022 Connait GESTOUR, GALILEO et le Pack Office sur le bout des doigts. <\/p>\n<p>\n\t\t\t\t  Avantages <\/p>\n<p style=\"margin: 30px;\"><b>Quelques bonnes raisons de nous rejoindre \u2026<\/b>&#13;\t\t\t\t <\/p>\n<p>\u2022 <b>Nos \u00e9quipes, notre force<\/b>\u00a0: nous sommes conscients de la valeur de nos collaborateurs et de leurs m\u00e9tiers. Le groupe s\u2019engage en faveur de la diversit\u00e9 et de l\u2019inclusion en r\u00e9pondant aux crit\u00e8res de la Charte de Diversit\u00e9, dont nous sommes fiers d\u2019\u00eatre adh\u00e9rent. Titulaire d\u2019une RQTH ? N\u2019h\u00e9sitez pas \u00e0 nous signaler les am\u00e9nagements que nous pourrions mettre en place pour vous accueillir au mieux !&#13;\t\t\t\t <\/p>\n<p>\u2022 <b>Notre responsabilit\u00e9<\/b>\u00a0: nous nous effor\u00e7ons de promouvoir des voyages respectueux de l\u2019environnement et \u00e0 faible impact carbone.&#13;\t\t\t\t <\/p>\n<p><b>Vous vous reconnaissez\u00a0?<\/b> Alors apportez \u00e0 Marietton D\u00e9veloppement votre motivation, votre potentiel et vos comp\u00e9tences et nous vous offrirons de r\u00e9elles opportunit\u00e9s de carri\u00e8re.<\/p>\n<p>\n\t\t\t\t  D\u00e9roulement des entretiens <\/p>\n<p style=\"margin: 30px;\"><b>Si votre CV match\u00a0!<\/b> <b>H\u00e9l\u00e8ne<\/b>,<b> Responsable des Ventes<\/b>, vous contactera pour un premier \u00e9change. Si nous souhaitons poursuivre avec votre profil, vous rencontrerez <b>H\u00e9l\u00e8ne <\/b> ainsi que <b>le\/la Responsable d\u2019Agence<\/b> lors d\u2019un entretien physique.<\/p>\n<p><\/p>\n<p>Merci de nous transmettre votre CV, dossier de candidature et lettre de motivation via notre page recrutement<\/p>\n","protected":false},"excerpt":{"rendered":"Qui sommes-nous ? Auchan Voyages est n\u00e9 \u00ab dans la d\u00e9cennie durant laquelle les marques de la grande&hellip;\n","protected":false},"author":2,"featured_media":15231,"comment_status":"","ping_status":"","sticky":false,"template":"","format":"standard","meta":{"footnotes":""},"categories":[2815],"tags":[1111,11,6421,2408,2105,1777,674,1011,27,811,6417,4662,1307,3754,12,6422,25,6419,6420,602,6418],"class_list":{"0":"post-363033","1":"post","2":"type-post","3":"status-publish","4":"format-standard","5":"has-post-thumbnail","7":"category-lille","8":"tag-actu","9":"tag-actualites","10":"tag-agences-de-voyage","11":"tag-appels-d","12":"tag-distribution","13":"tag-eu","14":"tag-europe","15":"tag-fr","16":"tag-france","17":"tag-hauts-de-france","18":"tag-information","19":"tag-journal","20":"tag-lille","21":"tag-media","22":"tag-news","23":"tag-place-de-marche","24":"tag-republique-francaise","25":"tag-tour-operateurs","26":"tag-tour-operators","27":"tag-tourisme","28":"tag-voyagistes"},"share_on_mastodon":{"url":"https:\/\/pubeurope.com\/@fr\/115139936510159183","error":""},"_links":{"self":[{"href":"https:\/\/www.europesays.com\/fr\/wp-json\/wp\/v2\/posts\/363033","targetHints":{"allow":["GET"]}}],"collection":[{"href":"https:\/\/www.europesays.com\/fr\/wp-json\/wp\/v2\/posts"}],"about":[{"href":"https:\/\/www.europesays.com\/fr\/wp-json\/wp\/v2\/types\/post"}],"author":[{"embeddable":true,"href":"https:\/\/www.europesays.com\/fr\/wp-json\/wp\/v2\/users\/2"}],"replies":[{"embeddable":true,"href":"https:\/\/www.europesays.com\/fr\/wp-json\/wp\/v2\/comments?post=363033"}],"version-history":[{"count":0,"href":"https:\/\/www.europesays.com\/fr\/wp-json\/wp\/v2\/posts\/363033\/revisions"}],"wp:featuredmedia":[{"embeddable":true,"href":"https:\/\/www.europesays.com\/fr\/wp-json\/wp\/v2\/media\/15231"}],"wp:attachment":[{"href":"https:\/\/www.europesays.com\/fr\/wp-json\/wp\/v2\/media?parent=363033"}],"wp:term":[{"taxonomy":"category","embeddable":true,"href":"https:\/\/www.europesays.com\/fr\/wp-json\/wp\/v2\/categories?post=363033"},{"taxonomy":"post_tag","embeddable":true,"href":"https:\/\/www.europesays.com\/fr\/wp-json\/wp\/v2\/tags?post=363033"}],"curies":[{"name":"wp","href":"https:\/\/api.w.org\/{rel}","templated":true}]}}