{"id":363034,"date":"2025-09-03T10:39:09","date_gmt":"2025-09-03T10:39:09","guid":{"rendered":"https:\/\/www.europesays.com\/fr\/363034\/"},"modified":"2025-09-03T10:39:09","modified_gmt":"2025-09-03T10:39:09","slug":"pour-ses-adieux-la-serie-hpi-vide-son-dressing","status":"publish","type":"post","link":"https:\/\/www.europesays.com\/fr\/363034\/","title":{"rendered":"pour ses adieux, la s\u00e9rie HPI vide son dressing\u00a0!"},"content":{"rendered":"<p>            Par<br \/>\n        <strong><br \/>\n            <a href=\"https:\/\/actu.fr\/auteur\/nicolas-demollien\" title=\"Consulter tous les articles de Nicolas Demollien\" rel=\"nofollow noopener\" target=\"_blank\">Nicolas Demollien<\/a><br \/>\n        <\/strong><\/p>\n<p>        Publi\u00e9 le<\/p>\n<p>            3 sept. 2025 \u00e0 12h06        <\/p>\n<p>Voil\u00e0 un stand qui va attirer les foules\u2009! Pour les <b>ultimes \u00e9pisodes de HPI<\/b>, son h\u00e9ro\u00efne, <b>Morgane<\/b> (jou\u00e9e par <a href=\"https:\/\/actu.fr\/tag\/audrey-fleurot\" rel=\"nofollow noopener\" target=\"_blank\">Audrey Fleurot<\/a>),<b> vide ses placards<\/b>\u2009: des <b>objets et costumes embl\u00e9matiques<\/b> seront vendus samedi\u00a06 et dimanche 7\u00a0septembre 2025 \u00e0 la <a href=\"https:\/\/actu.fr\/tag\/braderie-de-lille\" rel=\"nofollow noopener\" target=\"_blank\">braderie de Lille<\/a>, ville o\u00f9 se d\u00e9roule la s\u00e9rie ph\u00e9nom\u00e8ne, a <b>annonc\u00e9 la cha\u00eene TF1<\/b>.<\/p>\n<p>Des centaines de v\u00eatements et chaussures de la s\u00e9rie HPI \u00e0 la Braderie de Lille<\/p>\n<p class=\" wall-content\">Cette op\u00e9ration co\u00efncide avec le d\u00e9but de la diffusion des derniers \u00e9pisodes de HPI, jeudi soir, apr\u00e8s cinq saisons. Les <b>b\u00e9n\u00e9fices iront \u00e0 la Fondation des Femmes<\/b>, association qui vient en aide aux femmes victimes de violences et discriminations.<\/p>\n<p class=\" wall-content\">Dans ce \u00ab<b>\u2009vide-dressing g\u00e9ant<\/b>\u2009\u00bb, il y aura \u00ab\u2009des <b>centaines de v\u00eatements, chaussures et accessoires expos\u00e9s<\/b>\u2009\u00bb et \u00ab\u2009des <b>animations et des quiz pour les fans<\/b>\u2009\u00bb, a indiqu\u00e9 TF1 dans un communiqu\u00e9. Outre la vente, des lots pourront \u00eatre remport\u00e9s lors d\u2019une tombola.<\/p>\n<p class=\" wall-content\">Lanc\u00e9e en 2021, HPI a battu des records d\u2019audience et marqu\u00e9 l\u2019histoire r\u00e9cente de la t\u00e9l\u00e9. Son h\u00e9ro\u00efne est Morgane Alvaro. Cette femme de m\u00e9nage \u00e0 la personnalit\u00e9 extravertie et aux tenues voyantes (couleurs fluo et imprim\u00e9 panth\u00e8re) est recrut\u00e9e pour aider la police gr\u00e2ce \u00e0 son haut potentiel intellectuel (HPI).<\/p>\n<p class=\" wall-content\">L\u2019un des \u00e9pisodes de la premi\u00e8re saison de la <a href=\"https:\/\/actu.fr\/tag\/series\" rel=\"nofollow noopener\" target=\"_blank\">s\u00e9rie<\/a> avait d\u00e9pass\u00e9 les 12\u00a0millions de t\u00e9l\u00e9spectateurs (replay inclus), record pour une s\u00e9rie depuis 2005. Diffus\u00e9e en 2024, la quatri\u00e8me saison en a attir\u00e9 en moyenne 8,3\u00a0millions par \u00e9pisode (replay inclus).<\/p>\n<p class=\" wall-content\">Les quatre premiers \u00e9pisodes de la derni\u00e8re saison ont \u00e9t\u00e9 diffus\u00e9s en mai et en juin, et les quatre derniers le seront \u00e0 partir de jeudi (21\u2009h\u200910).<\/p>\n<p class=\" wall-content\">Des remakes sont n\u00e9s dans une dizaine de pays, dont les \u00c9tats-Unis (sous le titre \u00ab\u2009High Potential\u2009\u00bb).<\/p>\n<p class=\" wall-content\"><b>Avec AFP<\/b><\/p>\n<p class=\" wall-content\">Personnalisez votre actualit\u00e9 en ajoutant vos villes et m\u00e9dias en favori avec <a href=\"https:\/\/moncompte.actu.fr\" title=\"D\u00e9couvez Mon Actu\" rel=\"nofollow noopener\" data-trk=\"{&quot;cta&quot;:{&quot;action&quot;:&quot;https:\\\/\\\/moncompte.actu.fr&quot;,&quot;category&quot;:&quot;mon compte&quot;,&quot;from&quot;:&quot;article footer&quot;,&quot;name&quot;:&quot;Mon actu&quot;,&quot;type&quot;:&quot;cta&quot;}}\" target=\"_blank\">Mon Actu<\/a>.<\/p>\n","protected":false},"excerpt":{"rendered":"Par Nicolas Demollien Publi\u00e9 le 3 sept. 2025 \u00e0 12h06 Voil\u00e0 un stand qui va attirer les foules\u2009!&hellip;\n","protected":false},"author":2,"featured_media":363035,"comment_status":"","ping_status":"","sticky":false,"template":"","format":"standard","meta":{"footnotes":""},"categories":[2815],"tags":[1111,11,21259,18703,1777,674,1011,27,811,1307,1652,12,25,252],"class_list":{"0":"post-363034","1":"post","2":"type-post","3":"status-publish","4":"format-standard","5":"has-post-thumbnail","7":"category-lille","8":"tag-actu","9":"tag-actualites","10":"tag-audrey-fleurot","11":"tag-braderie-de-lille","12":"tag-eu","13":"tag-europe","14":"tag-fr","15":"tag-france","16":"tag-hauts-de-france","17":"tag-lille","18":"tag-loisirs-culture","19":"tag-news","20":"tag-republique-francaise","21":"tag-television"},"share_on_mastodon":{"url":"https:\/\/pubeurope.com\/@fr\/115139940422354897","error":""},"_links":{"self":[{"href":"https:\/\/www.europesays.com\/fr\/wp-json\/wp\/v2\/posts\/363034","targetHints":{"allow":["GET"]}}],"collection":[{"href":"https:\/\/www.europesays.com\/fr\/wp-json\/wp\/v2\/posts"}],"about":[{"href":"https:\/\/www.europesays.com\/fr\/wp-json\/wp\/v2\/types\/post"}],"author":[{"embeddable":true,"href":"https:\/\/www.europesays.com\/fr\/wp-json\/wp\/v2\/users\/2"}],"replies":[{"embeddable":true,"href":"https:\/\/www.europesays.com\/fr\/wp-json\/wp\/v2\/comments?post=363034"}],"version-history":[{"count":0,"href":"https:\/\/www.europesays.com\/fr\/wp-json\/wp\/v2\/posts\/363034\/revisions"}],"wp:featuredmedia":[{"embeddable":true,"href":"https:\/\/www.europesays.com\/fr\/wp-json\/wp\/v2\/media\/363035"}],"wp:attachment":[{"href":"https:\/\/www.europesays.com\/fr\/wp-json\/wp\/v2\/media?parent=363034"}],"wp:term":[{"taxonomy":"category","embeddable":true,"href":"https:\/\/www.europesays.com\/fr\/wp-json\/wp\/v2\/categories?post=363034"},{"taxonomy":"post_tag","embeddable":true,"href":"https:\/\/www.europesays.com\/fr\/wp-json\/wp\/v2\/tags?post=363034"}],"curies":[{"name":"wp","href":"https:\/\/api.w.org\/{rel}","templated":true}]}}