{"id":363039,"date":"2025-09-03T10:42:15","date_gmt":"2025-09-03T10:42:15","guid":{"rendered":"https:\/\/www.europesays.com\/fr\/363039\/"},"modified":"2025-09-03T10:42:15","modified_gmt":"2025-09-03T10:42:15","slug":"un-incroyable-festival-dedie-a-la-cuisine-chinoise-va-regaler-lyon-pendant-une-semaine","status":"publish","type":"post","link":"https:\/\/www.europesays.com\/fr\/363039\/","title":{"rendered":"Un incroyable festival d\u00e9di\u00e9 \u00e0 la cuisine chinoise va r\u00e9galer Lyon pendant une semaine"},"content":{"rendered":"<p data-start=\"362\" data-end=\"673\"><strong data-start=\"362\" data-end=\"456\">Cette ann\u00e9e, le festival incontournable Les Baguettes Magiques met en lumi\u00e8re la cuisine de Canton, capitale culinaire de Chine.<\/strong> Connu pour ses plats raffin\u00e9s et l\u2019utilisation de fleurs et plantes locales, l\u2019\u00e9v\u00e9nement choisit l\u2019hibiscus comme symbole de cette 9e \u00e9dition. Entre tradition et cr\u00e9ativit\u00e9, Lyon s\u2019appr\u00eate \u00e0 voyager par les papilles.<\/p>\n<p>&#13;<br \/>\n<strong>Des d\u00eeners \u00e0 quatre mains d\u2019exception<\/strong>&#13;<\/p>\n<p data-start=\"719\" data-end=\"1012\"><strong data-start=\"719\" data-end=\"799\">Le jardin du Nouvel institut franco-chinois accueillera deux d\u00eeners uniques.<\/strong> Le jeudi 4 septembre, le restaurant Le Rem\u00e8de croisera ses saveurs avec celles des chefs chinois, suivi le vendredi 5 par la Table de Vartan. Une rencontre entre la gastronomie lyonnaise et la cuisine cantonaise.<\/p>\n<p>&#13;<br \/>\n<strong>Street food g\u00e9ante au c\u0153ur du 5e<\/strong>&#13;<\/p>\n<p data-start=\"1053\" data-end=\"1365\"><strong data-start=\"1053\" data-end=\"1150\">Les 6 et 7 septembre, le parc de la mairie du 5e se transformera en temple de la street food.<\/strong> Treize restaurateurs lyonnais y proposeront des sp\u00e9cialit\u00e9s chinoises et asiatiques, le tout accompagn\u00e9 d\u2019ateliers culturels\u00a0: kung-fu, lanternes, qi gong, calligraphie, danse du lion et m\u00eame initiation au mahjong.<\/p>\n<p>&#13;<\/p>\n<blockquote class=\"instagram-media\" data-instgrm-permalink=\"https:\/\/www.instagram.com\/p\/DN5jId0jC3h\/?utm_source=ig_embed&amp;utm_campaign=loading\" data-instgrm-version=\"14\" style=\"background: #FFF; border: 0; border-radius: 3px; box-shadow: 0 0 1px 0 rgba(0,0,0,0.5),0 1px 10px 0 rgba(0,0,0,0.15); margin: 1px; max-width: 540px; min-width: 326px; padding: 0; width: calc(100% - 2px);\"><p>&#13;<br \/>\n&#13;\n<\/p><\/blockquote>\n<p>&#13;<br \/>\n&#13;<br \/>\n&#13;<br \/>\n<strong>Des ateliers pour mettre la main \u00e0 la p\u00e2te<\/strong>&#13;<\/p>\n<p data-start=\"1416\" data-end=\"1710\"><strong data-start=\"1416\" data-end=\"1470\">Le Bistro Zakka proposera deux ateliers exclusifs.<\/strong> Le vendredi 5, huit chanceux apprendront \u00e0 confectionner des bao, tandis que le mercredi 10, parents et enfants s\u2019initieront aux secrets des g\u00e2teaux chinois traditionnels. Une occasion parfaite pour ramener un peu de Chine dans sa cuisine.<\/p>\n<p>&#13;<br \/>\n<strong>Le th\u00e9, star \u00e0 part enti\u00e8re<\/strong>&#13;<\/p>\n<p data-start=\"1746\" data-end=\"2035\"><strong data-start=\"1746\" data-end=\"1826\">La maison lyonnaise Lin teas offrira deux initiations autour du th\u00e9 chinois.<\/strong> Le jeudi 4, un atelier pour explorer les six grandes familles de th\u00e9s, et le vendredi 5, une plong\u00e9e dans les myst\u00e8res du th\u00e9 Puerth. De quoi s\u00e9duire amateurs \u00e9clair\u00e9s comme curieux en qu\u00eate de d\u00e9couvertes.<\/p>\n<p><script async src=\"\/\/www.instagram.com\/embed.js\"><\/script><\/p>\n","protected":false},"excerpt":{"rendered":"Cette ann\u00e9e, le festival incontournable Les Baguettes Magiques met en lumi\u00e8re la cuisine de Canton, capitale culinaire de&hellip;\n","protected":false},"author":2,"featured_media":363040,"comment_status":"","ping_status":"","sticky":false,"template":"","format":"standard","meta":{"footnotes":""},"categories":[1889],"tags":[1111,11,2430,1777,674,1011,27,2428,12,25],"class_list":{"0":"post-363039","1":"post","2":"type-post","3":"status-publish","4":"format-standard","5":"has-post-thumbnail","7":"category-lyon","8":"tag-actu","9":"tag-actualites","10":"tag-auvergne-rhone-alpes","11":"tag-eu","12":"tag-europe","13":"tag-fr","14":"tag-france","15":"tag-lyon","16":"tag-news","17":"tag-republique-francaise"},"share_on_mastodon":{"url":"https:\/\/pubeurope.com\/@fr\/115139952457933376","error":""},"_links":{"self":[{"href":"https:\/\/www.europesays.com\/fr\/wp-json\/wp\/v2\/posts\/363039","targetHints":{"allow":["GET"]}}],"collection":[{"href":"https:\/\/www.europesays.com\/fr\/wp-json\/wp\/v2\/posts"}],"about":[{"href":"https:\/\/www.europesays.com\/fr\/wp-json\/wp\/v2\/types\/post"}],"author":[{"embeddable":true,"href":"https:\/\/www.europesays.com\/fr\/wp-json\/wp\/v2\/users\/2"}],"replies":[{"embeddable":true,"href":"https:\/\/www.europesays.com\/fr\/wp-json\/wp\/v2\/comments?post=363039"}],"version-history":[{"count":0,"href":"https:\/\/www.europesays.com\/fr\/wp-json\/wp\/v2\/posts\/363039\/revisions"}],"wp:featuredmedia":[{"embeddable":true,"href":"https:\/\/www.europesays.com\/fr\/wp-json\/wp\/v2\/media\/363040"}],"wp:attachment":[{"href":"https:\/\/www.europesays.com\/fr\/wp-json\/wp\/v2\/media?parent=363039"}],"wp:term":[{"taxonomy":"category","embeddable":true,"href":"https:\/\/www.europesays.com\/fr\/wp-json\/wp\/v2\/categories?post=363039"},{"taxonomy":"post_tag","embeddable":true,"href":"https:\/\/www.europesays.com\/fr\/wp-json\/wp\/v2\/tags?post=363039"}],"curies":[{"name":"wp","href":"https:\/\/api.w.org\/{rel}","templated":true}]}}