{"id":363043,"date":"2025-09-03T10:45:11","date_gmt":"2025-09-03T10:45:11","guid":{"rendered":"https:\/\/www.europesays.com\/fr\/363043\/"},"modified":"2025-09-03T10:45:11","modified_gmt":"2025-09-03T10:45:11","slug":"la-folie-des-peluches-labubu-des-logements-dans-un-centre-commercial-linfo-a-midi-en-ile-de-france","status":"publish","type":"post","link":"https:\/\/www.europesays.com\/fr\/363043\/","title":{"rendered":"La folie des peluches Labubu, des logements dans un centre commercial\u2026 l\u2019info \u00e0 midi en \u00cele-de-France"},"content":{"rendered":"<p>            Par<br \/>\n        <strong><br \/>\n            <a href=\"https:\/\/actu.fr\/auteur\/journaliste-lm\" title=\"Consulter tous les articles de R\u00e9daction Meaux\" target=\"_blank\" rel=\"noopener\">R\u00e9daction Meaux<\/a><br \/>\n        <\/strong><\/p>\n<p>        Publi\u00e9 le<\/p>\n<p>            3 sept. 2025 \u00e0 12h32        <\/p>\n<p><b>Peluches<\/b> virales sur <b>Tiktok, centre commercial<\/b> transform\u00e9 en logements, t\u00e9moignage d\u2019une <b>cavali\u00e8re percut\u00e9e,<\/b> rentr\u00e9e perturb\u00e9e et <b>menaces<\/b> de <b>mort<\/b> contre un \u00e9lu\u2026 Voici les principales informations du <b>mercredi 3 septembre 2025<\/b> en <b><a href=\"https:\/\/actu.fr\/ile-de-france\/\" target=\"_blank\" rel=\"noopener\">\u00cele-de-France<\/a>,<\/b> \u00e0 midi. Cliquez sur les <b>liens<\/b> si vous voulez en savoir plus sur les sujets qui font l\u2019actualit\u00e9 dans les d\u00e9partements de la r\u00e9gion francilienne.<\/p>\n<p>Les cinq infos \u00e0 retenir<\/p>\n<p class=\" wall-content\"><b>Paris.<\/b> <a href=\"https:\/\/actu.fr\/ile-de-france\/paris_75056\/c-est-un-passage-oblige-virales-sur-tiktok-les-peluches-labubu-se-vendent-comme-des-petits-pains-a-paris_63107001.html\" target=\"_blank\" rel=\"noopener\">\u00ab\u2009C\u2019est un passage oblig\u00e9\u2009\u00bb\u2009: virales sur TikTok, les peluches Labubu se vendent comme des petits pains \u00e0 Paris<\/a><\/p>\n<p class=\" wall-content\">Les peluches Labubu se vendent \u00e0 tour de bras \u00e0 Paris, o\u00f9 les magasins ne d\u00e9semplissent pas malgr\u00e9 la pluie et les files d\u2019attente.<\/p>\n<p class=\" wall-content\"><b>Val-de-Marne<\/b>.\u00a0<a href=\"https:\/\/actu.fr\/ile-de-france\/ivry-sur-seine_94041\/a-ivry-sur-seine-le-centre-commercial-deserte-par-ses-clients-va-etre-transforme-en-immeubles-d-habitation_63104272.html\" target=\"_blank\" rel=\"noopener\">\u00c0 Ivry-sur-Seine, le centre commercial d\u00e9sert\u00e9 par ses clients va \u00eatre transform\u00e9 en immeubles d\u2019habitation<\/a><\/p>\n<p class=\" wall-content\">Pas moins de 1\u2009000 logements vont voir le jour \u00e0 la place d\u2019une partie du centre commercial Quais d\u2019Ivry, dans le Val-de-Marne. Les premi\u00e8res livraisons sont attendues en 2029.<\/p>\n<p class=\" wall-content\"><b>Seine-et-Marne.<\/b> <a href=\"https:\/\/actu.fr\/ile-de-france\/chailly-en-biere_77069\/le-cheval-a-ete-mon-airbag-et-mon-etoile-la-cavaliere-percutee-par-une-voiture-en-seine-et-marne-temoigne_63108044.html\" target=\"_blank\" rel=\"noopener\">\u00ab\u2009Le cheval a \u00e9t\u00e9 mon airbag et mon \u00e9toile\u2009\u00bb\u2009: la cavali\u00e8re percut\u00e9e par une voiture t\u00e9moigne<\/a><\/p>\n<p>Vid\u00e9os : en ce moment sur Actu<\/p>\n<p class=\" wall-content\">Quelques jours apr\u00e8s le grave accident de la route qu\u2019elle a subi, Axelle, la cavali\u00e8re percut\u00e9e par une voiture \u00e0 Chailly-en-Bi\u00e8re revient sur le drame et alerte\u2026 T\u00e9moignage.<\/p>\n<p class=\" wall-content\"><b>Hauts-de-Seine. <\/b><a href=\"https:\/\/actu.fr\/ile-de-france\/gennevilliers_92036\/morceaux-de-fer-dans-la-cour-wc-insuffisants-a-gennevilliers-l-etat-de-l-ecole-fait-bondir-les-parents_63103853.html\" target=\"_blank\" rel=\"noopener\">Morceaux de fer dans la cour, WC insuffisants\u2026 \u00c0 Gennevilliers, l\u2019\u00e9tat de l\u2019\u00e9cole fait bondir les parents<\/a><\/p>\n<p class=\" wall-content\">\u00c0 Gennevilliers, la rentr\u00e9e des \u00e9l\u00e8ves d\u2019Henri-Wallon a vir\u00e9 \u00e0 la pol\u00e9mique. Dans les pr\u00e9fabriqu\u00e9s provisoires, les parents d\u00e9noncent des conditions risqu\u00e9es.<\/p>\n<p>Votre r\u00e9gion, votre actu !<\/p>\n<p>Recevez chaque jour les infos qui comptent pour vous.<\/p>\n<p>\t<a href=\"https:\/\/actu.fr\/newsletter\" class=\"ac-btn ac-btn--corner ac-btn--medium ac-btn--blue800\" target=\"_blank\" rel=\"noopener\">S&rsquo;incrire<\/a><\/p>\n<p class=\" wall-content\"><b>Val-d\u2019Oise.<\/b> <a href=\"https:\/\/actu.fr\/ile-de-france\/cergy_95127\/menace-de-mort-ce-depute-du-val-doise-porte-plainte_63106591.html\" target=\"_blank\" rel=\"noopener\">Menac\u00e9 de mort, ce d\u00e9put\u00e9 du Val-d\u2019Oise porte plainte<\/a><\/p>\n<p class=\" wall-content\">Le d\u00e9put\u00e9 Lfi Aur\u00e9lien Tach\u00e9 a d\u00e9pos\u00e9 plainte pour \u00ab\u2009menaces de mort et harc\u00e8lement en ligne\u2009\u00bb. \u00ab\u2009La police tue partout\u2009\u00bb, avait-il \u00e9crit le 18\u00a0ao\u00fbt sur X.<\/p>\n<p>Suivez-nous pour en savoir plus\u2009!<\/p>\n<p class=\" wall-content\">Vous voulez plus d\u2019infos sur l\u2019\u00cele-de-France\u2009? Vous pouvez nous retrouver sur\u00a0Actu\u00a0<b>\u00cele-de-France.<\/b><\/p>\n<p class=\" wall-content\">Pour nous suivre\u00a0<b>sur les r\u00e9seaux sociaux<\/b>, dans vos d\u00e9partements\u2009:<\/p>\n<p class=\" wall-content\"><b>Paris<\/b>\u2009: retrouvez\u00a0Actu\u00a0Paris\u00a0sur\u00a0<a href=\"https:\/\/www.facebook.com\/actufr.paris\/\" target=\"_blank\" rel=\"noopener\">Facebook<\/a>\u00a0et\u00a0<a href=\"https:\/\/twitter.com\/actufrparis\" target=\"_blank\" rel=\"noopener\">Twitter<\/a>\u2009<b>;<\/b><\/p>\n<p class=\" wall-content\"><b>Seine-et-Marne<\/b>\u2009: retrouvez\u00a0La R\u00e9publique de Seine-et-Marne (sud) sur\u00a0<a href=\"https:\/\/www.facebook.com\/RepubliqueSeineMarne\/\" target=\"_blank\" rel=\"noopener\">Facebook\u00a0<\/a>et\u00a0<a href=\"https:\/\/twitter.com\/LaRep77\" target=\"_blank\" rel=\"noopener\">Twitter<\/a>\u2009; La Marne (nord) sur\u00a0<a href=\"https:\/\/www.facebook.com\/journallarmarne\/?__tn__=%2Cd%2CP-R&amp;eid=ARDLZc91LaHbXzDwChLLLQJVMBLx_ABJremTC2-RG0CYvg0f4f8CLvbV5G1Lli4g_6QoXDcKkU1_LX1W\" target=\"_blank\" rel=\"noopener\">Facebook<\/a>\u00a0et\u00a0<a href=\"https:\/\/twitter.com\/JournalLaMarne\" target=\"_blank\" rel=\"noopener\">Twitter<\/a>\u2009; et\u00a0Le Pays Briard\u00a0sur\u00a0<a href=\"https:\/\/www.facebook.com\/LePaysBriard\/?ref=bookmarks\" target=\"_blank\" rel=\"noopener\">Facebook<\/a>\u00a0et\u00a0<a href=\"https:\/\/twitter.com\/LePaysBriard\" target=\"_blank\" rel=\"noopener\">Twitter<\/a>\u2009<b>;<\/b><\/p>\n<p class=\" wall-content\"><b>Yvelines<\/b>\u2009: retrouvez\u00a078Actu\u00a0sur\u00a0<a href=\"https:\/\/www.facebook.com\/78actu\/\" target=\"_blank\" rel=\"noopener\">Facebook<\/a>\u00a0et\u00a0<a href=\"https:\/\/twitter.com\/78actu\" target=\"_blank\" rel=\"noopener\">Twitter<\/a>\u2009<b>;<\/b><\/p>\n<p class=\" wall-content\"><b>Essonne<\/b>\u2009: retrouvez\u00a0Actu Essonne\u00a0sur\u00a0<a href=\"https:\/\/www.facebook.com\/actuessonne\/?ref=br_rs\" target=\"_blank\" rel=\"noopener\">Facebook<\/a>\u00a0et\u00a0<a href=\"https:\/\/twitter.com\/ActuEssonne\" target=\"_blank\" rel=\"noopener\">Twitter<\/a>\u2009<b>;<\/b><\/p>\n<p class=\" wall-content\"><b>Hauts-de-Seine<\/b>\u2009: retrouvez\u00a0Actu\u00a0Hauts-de-Seine\u00a0sur\u00a0<a href=\"https:\/\/www.facebook.com\/actufr.hautsdeseine\/\" target=\"_blank\" rel=\"noopener\">Facebook<\/a>\u00a0et\u00a0<a href=\"https:\/\/twitter.com\/actufr92\" target=\"_blank\" rel=\"noopener\">Twitter<\/a>\u2009;<\/p>\n<p class=\" wall-content\"><b>Seine-Saint-Denis<\/b>\u2009: retrouvez\u00a0Actu\u00a0Seine-Saint-Denis\u00a0sur\u00a0<a href=\"https:\/\/www.facebook.com\/actufr.seinesaintdenis\/\" target=\"_blank\" rel=\"noopener\">Facebook<\/a>\u00a0et\u00a0<a href=\"https:\/\/twitter.com\/Actufr93\" target=\"_blank\" rel=\"noopener\">Twitte<\/a>r\u2009<b>;<\/b><\/p>\n<p class=\" wall-content\"><b>Val-de-Marne<\/b>\u2009: retrouvez\u00a0Actu Val-de-Marne\u00a0sur\u00a0<a href=\"https:\/\/www.facebook.com\/actu94.valdemarne\/\" target=\"_blank\" rel=\"noopener\">Facebook<\/a>\u00a0et\u00a0<a href=\"https:\/\/twitter.com\/actufr94\" target=\"_blank\" rel=\"noopener\">Twitter<\/a>\u2009<b>;<\/b><\/p>\n<p class=\" wall-content\"><b>Val-d\u2019Oise<\/b>\u2009: retrouvez La Gazette du Val-d\u2019Oise sur\u00a0<a href=\"https:\/\/www.facebook.com\/lagazetteduvaldoise\/\" target=\"_blank\" rel=\"noopener\">Facebook<\/a>\u2009; L\u2019Echo, le r\u00e9gional sur\u00a0<a href=\"https:\/\/www.facebook.com\/echo.regional\" target=\"_blank\" rel=\"noopener\">Facebook\u00a0<\/a>et C\u00f4t\u00e9 Val-d\u2019Oise sur\u00a0<a href=\"https:\/\/www.facebook.com\/Cotevaldoise\" target=\"_blank\" rel=\"noopener\">Facebook<\/a>.<\/p>\n<p class=\" wall-content\">Personnalisez votre actualit\u00e9 en ajoutant vos villes et m\u00e9dias en favori avec <a href=\"https:\/\/moncompte.actu.fr\" title=\"D\u00e9couvez Mon Actu\" rel=\"nofollow noopener\" data-trk=\"{&quot;cta&quot;:{&quot;action&quot;:&quot;https:\\\/\\\/moncompte.actu.fr&quot;,&quot;category&quot;:&quot;mon compte&quot;,&quot;from&quot;:&quot;article footer&quot;,&quot;name&quot;:&quot;Mon actu&quot;,&quot;type&quot;:&quot;cta&quot;}}\" target=\"_blank\">Mon Actu<\/a>.<\/p>\n<p>                    <script async src=\"https:\/\/platform.twitter.com\/widgets.js\" charset=\"utf-8\"><\/script><\/p>\n","protected":false},"excerpt":{"rendered":"Par R\u00e9daction Meaux Publi\u00e9 le 3 sept. 2025 \u00e0 12h32 Peluches virales sur Tiktok, centre commercial transform\u00e9 en&hellip;\n","protected":false},"author":2,"featured_media":363044,"comment_status":"","ping_status":"","sticky":false,"template":"","format":"standard","meta":{"footnotes":""},"categories":[1592],"tags":[1111,11,1777,674,1011,27,662,1908,12,626,25,104,240,2439],"class_list":{"0":"post-363043","1":"post","2":"type-post","3":"status-publish","4":"format-standard","5":"has-post-thumbnail","7":"category-ile-de-france","8":"tag-actu","9":"tag-actualites","10":"tag-eu","11":"tag-europe","12":"tag-fr","13":"tag-france","14":"tag-ile-de-france","15":"tag-logement","16":"tag-news","17":"tag-paris","18":"tag-republique-francaise","19":"tag-societe","20":"tag-temoignage","21":"tag-tiktok"},"share_on_mastodon":{"url":"https:\/\/pubeurope.com\/@fr\/115139964000385215","error":""},"_links":{"self":[{"href":"https:\/\/www.europesays.com\/fr\/wp-json\/wp\/v2\/posts\/363043","targetHints":{"allow":["GET"]}}],"collection":[{"href":"https:\/\/www.europesays.com\/fr\/wp-json\/wp\/v2\/posts"}],"about":[{"href":"https:\/\/www.europesays.com\/fr\/wp-json\/wp\/v2\/types\/post"}],"author":[{"embeddable":true,"href":"https:\/\/www.europesays.com\/fr\/wp-json\/wp\/v2\/users\/2"}],"replies":[{"embeddable":true,"href":"https:\/\/www.europesays.com\/fr\/wp-json\/wp\/v2\/comments?post=363043"}],"version-history":[{"count":0,"href":"https:\/\/www.europesays.com\/fr\/wp-json\/wp\/v2\/posts\/363043\/revisions"}],"wp:featuredmedia":[{"embeddable":true,"href":"https:\/\/www.europesays.com\/fr\/wp-json\/wp\/v2\/media\/363044"}],"wp:attachment":[{"href":"https:\/\/www.europesays.com\/fr\/wp-json\/wp\/v2\/media?parent=363043"}],"wp:term":[{"taxonomy":"category","embeddable":true,"href":"https:\/\/www.europesays.com\/fr\/wp-json\/wp\/v2\/categories?post=363043"},{"taxonomy":"post_tag","embeddable":true,"href":"https:\/\/www.europesays.com\/fr\/wp-json\/wp\/v2\/tags?post=363043"}],"curies":[{"name":"wp","href":"https:\/\/api.w.org\/{rel}","templated":true}]}}