{"id":363052,"date":"2025-09-03T10:50:12","date_gmt":"2025-09-03T10:50:12","guid":{"rendered":"https:\/\/www.europesays.com\/fr\/363052\/"},"modified":"2025-09-03T10:50:12","modified_gmt":"2025-09-03T10:50:12","slug":"club-chevalier-zabarnyi-psg-mercato-safonov-sort-du-silence-en-russie","status":"publish","type":"post","link":"https:\/\/www.europesays.com\/fr\/363052\/","title":{"rendered":"Club : Chevalier, Zabarnyi, PSG, mercato, Safonov sort du silence en Russie"},"content":{"rendered":"<p>Depuis la Russie, qu&rsquo;il a rejointe pour disputer les deux prochains matches amicaux de son pays face \u00e0 la Jordanie (4 septembre \u00e0 Moscou) et au Qatar (\u00e0 Al Rayyan), Matvey Safonov a \u00e9voqu\u00e9 sa situation au PSG, la nouvelle concurrence de Lucas Chevalier ou encore les rumeurs mercato. Le portier russe a aussi \u00e9t\u00e9 interrog\u00e9 sur sa cohabitation avec l&rsquo;Ukrainien Illia Zabarnyi \u00e0 Paris.<\/p>\n<p>D\u00e9barqu\u00e9 il y a un an \u00e0 Paris pour faire le match avec Gianluigi Donnarumma, Matvey <strong>Safonov <\/strong>a disput\u00e9 17 matches lors de sa premi\u00e8re saison parisienne, mais a laiss\u00e9 passer sa chance \u00e0 Munich. Luis Enrique l&rsquo;avait pr\u00e9f\u00e9r\u00e9 \u00e0 l&rsquo;Italien, mais le Russe avait \u00e9t\u00e9 fautif sur le seul but du match et n&rsquo;a plus rejou\u00e9 ensuite en Champions League.<\/p>\n<p>S&rsquo;il a disput\u00e9 tous les matches de la campagne victorieuse en Coupe de France (sauf le 16e de finale contre Espaly), Safonov n&rsquo;a pas disput\u00e9 une minute \u00e0 la Coupe du monde des clubs et son dernier match remonte au 24 mai. C&rsquo;\u00e9tait lors de la finale de Coupe de France remport\u00e9e contre Reims. L&rsquo;arriv\u00e9e de Lucas <strong>Chevalier <\/strong>n&rsquo;a rien chang\u00e9 \u00e0 son statut de num\u00e9ro 2, mais Safonov a d\u00e9cid\u00e9 de rester quand m\u00eame \u00e0 Paris, malgr\u00e9 la concurrence du gardien fran\u00e7ais et le recrutement du d\u00e9fenseur central ukrainien Illia <strong>Zabarnyi <\/strong>cet \u00e9t\u00e9.<\/p>\n<blockquote class=\"twitter-tweet\">\n<p dir=\"ltr\" lang=\"fr\">Vu d&rsquo;Ukraine, Zabarnyi a exig\u00e9 le d\u00e9part de Safonov  <a href=\"https:\/\/twitter.com\/hashtag\/PSG?src=hash&amp;ref_src=twsrc%5Etfw\" rel=\"nofollow noopener\" target=\"_blank\">#PSG<\/a> <a href=\"https:\/\/t.co\/Ly02HxW1i6\" rel=\"nofollow\">https:\/\/t.co\/Ly02HxW1i6<\/a><\/p>\n<p>\u2014 CulturePSG (@CulturePSG) <a href=\"https:\/\/twitter.com\/CulturePSG\/status\/1963125082827505804?ref_src=twsrc%5Etfw\" rel=\"nofollow noopener\" target=\"_blank\">September 3, 2025<\/a><\/p><\/blockquote>\n<p>Depuis la Russie, qu&rsquo;il a rejoint non sans difficult\u00e9 en d\u00e9but de semaine apr\u00e8s avoir mis six heures \u00e0 r\u00e9cup\u00e9rer ses bagages, Safonov a \u00e9voqu\u00e9 mardi sa situation au PSG et son manque de temps de jeu : \u00ab\u00a0Bien s\u00fbr, j&rsquo;aurais aim\u00e9 jouer (\u00e0 la Coupe du monde des clubs). Cela fait maintenant trois mois que je n&rsquo;ai pas jou\u00e9. J&rsquo;aimerais bien jouer. Les situations sont diff\u00e9rentes. Mais il ne faut pas faire de pronostics. \u00bb<\/p>\n<p>Safonov sur la concurrence avec Chevalier : \u00ab\u00a0Tout recommence \u00e0 z\u00e9ro \u00bb<\/p>\n<p>Si Safonov est en effet clairement num\u00e9ro 2 dans la hi\u00e9rarchie des gardiens parisiens, il croit toujours en sa capacit\u00e9 d&rsquo;inverser la tendance : \u00ab Est-ce que je pensais \u00eatre num\u00e9ro 1 apr\u00e8s le d\u00e9part de Donnarumma ? Je m&rsquo;attendais \u00e0 la concurrence et je m&rsquo;y attends toujours. Mon objectif est de prouver \u00e0 chaque match et \u00e0 chaque entra\u00eenement que je m\u00e9rite ma place. Si j&rsquo;en ai l&rsquo;occasion, je ferai de mon mieux pour me montrer \u00e0 la hauteur \u00bb, a-t-il confi\u00e9, avant d&rsquo;\u00e9voquer sa relation avec Lucas Chevalier :\u00a0\u00ab Nous avons un excellent contact, il y a une bonne ambiance \u00e0 l&rsquo;entra\u00eenement. Tous les gardiens sont des gens bien et formidables. \u00bb<\/p>\n<p><img decoding=\"async\" alt=\"\" src=\"https:\/\/www.europesays.com\/fr\/wp-content\/uploads\/2025\/09\/chevalier_psg_angers_22082025.jpg\"\/><\/p>\n<p>Il y a quelques jours, L&rsquo;Equipe avait r\u00e9v\u00e9l\u00e9 que dans l&rsquo;entourage de Safonov, on estimait la concurrence de Chevalier plus facile \u00e0 supplanter par rapport \u00e0 celle de Donnarumma. Qu&rsquo;en pense le principal int\u00e9ress\u00e9 ? \u00ab Il n&rsquo;y a pas de diff\u00e9rence, c&rsquo;est de toute fa\u00e7on une comp\u00e9tition, a r\u00e9pondu Safonov. Quelqu&rsquo;un sera gagnant, quelqu&rsquo;un sera perdant. Tout recommence \u00e0 z\u00e9ro, avec une page blanche. \u00bb<\/p>\n<p>\u00ab\u00a0Il ne faut pas abandonner, il faut se battre \u00bb<\/p>\n<p>Pas question en tout cas pour Safonov de s&rsquo;avouer vaincu maintenant : \u00ab\u00a0Nous verrons comment les choses \u00e9volueront. Il serait \u00e9trange d&rsquo;aller en Europe pour affronter des difficult\u00e9s, puis de les fuir. Pourquoi serais-je venu alors ? Tout se passe comme pr\u00e9vu. Il ne faut pas abandonner, il faut se battre \u00bb. Et quand la presse russe lui a demand\u00e9 si la concurrence avait \u00e9t\u00e9 loyale au PSG depuis son arriv\u00e9e, Safonov a r\u00e9torqu\u00e9 : \u00ab\u00a0Nous avions trois gardiens, deux sont partis, je suis rest\u00e9 \u00bb.<\/p>\n<p>Safonov vit donc au jour le jour \u00e0 Paris, sans regarder trop loin pour le moment : \u00ab Je ne me fixe pas d&rsquo;objectif. Quelle diff\u00e9rence cela fait-il ? Mon objectif est de jouer le prochain match. C&rsquo;est la seule fa\u00e7on de penser. Il ne faut pas se fixer comme objectif de jouer 15 ou 20 matchs&#8230; Cela n&rsquo;a aucun sens. Je veux que l&rsquo;on compte sur moi, mais je dois le prouver sur le terrain. \u00bb<\/p>\n<p>Safonov botte en touche sur le mercato et Zabarnyi<\/p>\n<p>Cet \u00e9t\u00e9, le nom de Safonov a \u00e9t\u00e9 li\u00e9 \u00e0 Galatasaray, qui a finalement investi 27,5 M\u20ac sur l&rsquo;international turc Ugurcan \u00c7akir, ainsi qu&rsquo;au Spartak Moscou. Des rumeurs qui n&rsquo;int\u00e9ressent gu\u00e8re le Russe : \u00ab D&rsquo;o\u00f9 viennent-elles ces rumeurs ? Quelles sont vos sources ? Je n&rsquo;ai fait aucun commentaire, le club non plus.\u00a0Je ne lis pas les journaux. Tout cela me laisse indiff\u00e9rent. C&rsquo;est vous qui m&rsquo;apprenez la nouvelle (concernant le Spartak). \u00bb<\/p>\n<blockquote class=\"twitter-tweet\">\n<p dir=\"ltr\" lang=\"fr\">Safonov propos\u00e9 \u00e0 Galatasaray, une rumeur li\u00e9e \u00e0 Zabarnyi ? <a href=\"https:\/\/t.co\/Bc9TxDUKnW\" rel=\"nofollow\">https:\/\/t.co\/Bc9TxDUKnW<\/a><\/p>\n<p>\u2014 CulturePSG (@CulturePSG) <a href=\"https:\/\/twitter.com\/CulturePSG\/status\/1951937908811686020?ref_src=twsrc%5Etfw\" rel=\"nofollow noopener\" target=\"_blank\">August 3, 2025<\/a><\/p><\/blockquote>\n<p>Enfin, les m\u00e9dias russes ont demand\u00e9 \u00e0 Safonov de commenter sa cohabitation avec Zabarnyi, mais ont re\u00e7u une fin de non-recevoir du gardien parisien : \u00ab\u00a0Je ne le ferai pas \u00bb, a-t-il r\u00e9pondu, soucieux sans doute de ne pas alimenter encore un peu plus les d\u00e9bats autour de cette \u00e9pineuse question.<\/p>\n<p><script async src=\"https:\/\/platform.twitter.com\/widgets.js\" charset=\"utf-8\"><\/script><\/p>\n","protected":false},"excerpt":{"rendered":"Depuis la Russie, qu&rsquo;il a rejointe pour disputer les deux prochains matches amicaux de son pays face \u00e0&hellip;\n","protected":false},"author":2,"featured_media":363053,"comment_status":"","ping_status":"","sticky":false,"template":"","format":"standard","meta":{"footnotes":""},"categories":[1591],"tags":[11,1887,12,1885,1886,132],"class_list":{"0":"post-363052","1":"post","2":"type-post","3":"status-publish","4":"format-standard","5":"has-post-thumbnail","7":"category-russie","8":"tag-actualites","9":"tag-federation-de-russie","10":"tag-news","11":"tag-russia","12":"tag-russian-federation","13":"tag-russie"},"share_on_mastodon":{"url":"https:\/\/pubeurope.com\/@fr\/115139984061701131","error":""},"_links":{"self":[{"href":"https:\/\/www.europesays.com\/fr\/wp-json\/wp\/v2\/posts\/363052","targetHints":{"allow":["GET"]}}],"collection":[{"href":"https:\/\/www.europesays.com\/fr\/wp-json\/wp\/v2\/posts"}],"about":[{"href":"https:\/\/www.europesays.com\/fr\/wp-json\/wp\/v2\/types\/post"}],"author":[{"embeddable":true,"href":"https:\/\/www.europesays.com\/fr\/wp-json\/wp\/v2\/users\/2"}],"replies":[{"embeddable":true,"href":"https:\/\/www.europesays.com\/fr\/wp-json\/wp\/v2\/comments?post=363052"}],"version-history":[{"count":0,"href":"https:\/\/www.europesays.com\/fr\/wp-json\/wp\/v2\/posts\/363052\/revisions"}],"wp:featuredmedia":[{"embeddable":true,"href":"https:\/\/www.europesays.com\/fr\/wp-json\/wp\/v2\/media\/363053"}],"wp:attachment":[{"href":"https:\/\/www.europesays.com\/fr\/wp-json\/wp\/v2\/media?parent=363052"}],"wp:term":[{"taxonomy":"category","embeddable":true,"href":"https:\/\/www.europesays.com\/fr\/wp-json\/wp\/v2\/categories?post=363052"},{"taxonomy":"post_tag","embeddable":true,"href":"https:\/\/www.europesays.com\/fr\/wp-json\/wp\/v2\/tags?post=363052"}],"curies":[{"name":"wp","href":"https:\/\/api.w.org\/{rel}","templated":true}]}}