{"id":363056,"date":"2025-09-03T10:52:10","date_gmt":"2025-09-03T10:52:10","guid":{"rendered":"https:\/\/www.europesays.com\/fr\/363056\/"},"modified":"2025-09-03T10:52:10","modified_gmt":"2025-09-03T10:52:10","slug":"la-justice-confirme-la-validite-de-laccord-entre-leurope-et-les-etats-unis","status":"publish","type":"post","link":"https:\/\/www.europesays.com\/fr\/363056\/","title":{"rendered":"la justice confirme la validit\u00e9 de l&rsquo;accord entre l\u2019Europe et les \u00c9tats-Unis"},"content":{"rendered":"<p class=\"fig-paragraph\">La troisi\u00e8me fois est la bonne. La justice europ\u00e9enne a confirm\u00e9 mercredi la validit\u00e9 du cadre l\u00e9gal qui r\u00e9git\u00a0<a href=\"http:\/\/www.lefigaro.fr\/secteur\/high-tech\/joe-biden-signe-un-decret-sur-le-transfert-des-donnees-personnelles-entre-ue-et-usa-20221007\" data-fig-type=\"NewsFlash\" data-gtm-custom-categorie=\"navigation\" data-gtm-custom-action=\"crossclick\" data-gtm-custom-label=\"Contextuel\" data-gtm-event=\"customEventSPE\" data-fig-domain=\"LEFIGARO\" rel=\"nofollow noopener\" target=\"_blank\">les transferts de donn\u00e9es personnelles<\/a>\u00a0entre l\u2019Europe et les \u00c9tats-Unis, dont un d\u00e9put\u00e9 fran\u00e7ais r\u00e9clamait l\u2019annulation alors que deux accords du m\u00eame type avaient \u00e9t\u00e9 jug\u00e9s contraires au droit communautaire. Le Tribunal de l\u2019Union europ\u00e9enne (UE) a rejet\u00e9 le recours en annulation d\u00e9pos\u00e9 en 2023 par ce parlementaire, Philippe Latombe, \u00e9lu centriste (Modem) de Vend\u00e9e. Cette d\u00e9cision rendue en premi\u00e8re instance confirme qu\u2019\u00ab\u00e0 la date d\u2019adoption de la d\u00e9cision attaqu\u00e9e, les \u00c9tats-Unis assuraient un niveau ad\u00e9quat de protection des donn\u00e9es \u00e0 caract\u00e8re personnel transf\u00e9r\u00e9es depuis l\u2019Union (europ\u00e9enne) vers des organisations \u00e9tablies dans ce pays\u00bb, selon un communiqu\u00e9 de la juridiction \u00e9tablie \u00e0 Luxembourg.<\/p>\n<p class=\"fig-paragraph\">L\u2019accord de transfert de donn\u00e9es entre l\u2019UE et les \u00c9tats-Unis, appel\u00e9 \u00abData Privacy Framework\u00bb, avait \u00e9t\u00e9 adopt\u00e9 en 2022-2023. Il visait \u00e0 remplacer les deux pr\u00e9c\u00e9dents dispositifs qui avaient \u00e9t\u00e9 invalid\u00e9s par la justice europ\u00e9enne, le \u00abSafe Harbor\u00bb en 2015 puis le \u00abPrivacy Shield\u00bb en 2020, apr\u00e8s des recours introduits par le militant autrichien pour la protection des donn\u00e9es Max Schrems. Philippe Latombe, sp\u00e9cialiste des questions technologiques (il est aussi membre de la Commission nationale informatique et libert\u00e9s), avait demand\u00e9 \u00e0 titre personnel l\u2019annulation du \u00abData Privacy Framework\u00bb devant la justice de l\u2019UE, en arguant qu\u2019il ne respectait pas pleinement la r\u00e9glementation du bloc europ\u00e9en sur les donn\u00e9es et qu\u2019il avantageait in fine les Gafam (Google, Apple, Facebook, Amazon, Microsoft).<\/p>\n<p>                                    <a class=\"fig-a11y-skip a11y-hidden\" href=\"#fig-a11y-skip-main-inarticle\"><br \/>\n        Passer la publicit\u00e9<br \/>\n    <\/a><\/p>\n<p>D\u00e9nonciation d\u2019une sorte d\u2019inf\u00e9odation<\/p>\n<p class=\"fig-paragraph\">Il s\u2019\u00e9tait appuy\u00e9 sur un article du trait\u00e9 de l\u2019Union qui permet \u00ab\u00e0 toute personne physique ou morale\u00bb de s\u2019opposer dans un d\u00e9lai de deux mois aux \u00abactes r\u00e9glementaires qui la concernent directement\u00bb. L\u2019\u00e9lu fran\u00e7ais avait fait valoir que l\u2019accord l\u2019emp\u00eachait de s\u2019opposer en France \u00e0 la collecte de ses donn\u00e9es personnelles par des services appartenant \u00e0 des groupes am\u00e9ricains, comme Google ou Microsoft. Lors du d\u00e9p\u00f4t de son recours, il avait m\u00eame d\u00e9nonc\u00e9 une forme d\u2019inf\u00e9odation des Europ\u00e9ens aux Am\u00e9ricains.<\/p>\n<p class=\"fig-paragraph\">De nombreuses entreprises redoutaient \u00e0 l\u2019inverse, en cas de victoire de Philippe Latombe, une nouvelle phase d\u2019incertitude juridique, qui aurait \u00e9t\u00e9 hautement pr\u00e9judiciable pour l\u2019\u00e9cosyst\u00e8me num\u00e9rique de part et d\u2019autre de l\u2019Atlantique. La Business Software Alliance (BSA), l\u2019un des principaux lobbys du secteur num\u00e9rique, bas\u00e9e aux \u00c9tats-Unis, a salu\u00e9 mercredi une d\u00e9cision apportant \u00abde la stabilit\u00e9 aux entreprises comme aux consommateurs de part et d\u2019autre de l\u2019Atlantique, qui d\u00e9pendent tous les jours d\u2019\u00e9changes s\u00fbrs de donn\u00e9es par-del\u00e0 les fronti\u00e8res\u00bb.<\/p>\n<p class=\"fig-paragraph\">Un premier recours de Philippe Latombe en r\u00e9f\u00e9r\u00e9 (proc\u00e9dure d\u2019urgence) avait \u00e9t\u00e9 rejet\u00e9 en 2023, mais la justice europ\u00e9enne avait accept\u00e9 de juger l\u2019affaire sur le fond. Dans un communiqu\u00e9 diffus\u00e9 par son ONG, Max Schrems a quant \u00e0 lui soulign\u00e9 que cet \u00e9chec ne signifiait pas la fin du combat contre l\u2019accord. Outre le possible appel que pourrait interjeter le d\u00e9put\u00e9 fran\u00e7ais, l\u2019Autrichien a pr\u00e9venu qu\u2019il n\u2019excluait pas d\u2019engager de son c\u00f4t\u00e9 une proc\u00e9dure.<\/p>\n","protected":false},"excerpt":{"rendered":"La troisi\u00e8me fois est la bonne. La justice europ\u00e9enne a confirm\u00e9 mercredi la validit\u00e9 du cadre l\u00e9gal qui&hellip;\n","protected":false},"author":2,"featured_media":363057,"comment_status":"","ping_status":"","sticky":false,"template":"","format":"standard","meta":{"footnotes":""},"categories":[1589],"tags":[11,73,1866,14579,12,364,1864,1865,1863,308],"class_list":{"0":"post-363056","1":"post","2":"type-post","3":"status-publish","4":"format-standard","5":"has-post-thumbnail","7":"category-etats-unis","8":"tag-actualites","9":"tag-etats-unis","10":"tag-etats-unis-damerique","11":"tag-gafam","12":"tag-news","13":"tag-union-europeenne","14":"tag-united-states","15":"tag-united-states-of-america","16":"tag-us","17":"tag-usa"},"share_on_mastodon":{"url":"https:\/\/pubeurope.com\/@fr\/115139991513562588","error":""},"_links":{"self":[{"href":"https:\/\/www.europesays.com\/fr\/wp-json\/wp\/v2\/posts\/363056","targetHints":{"allow":["GET"]}}],"collection":[{"href":"https:\/\/www.europesays.com\/fr\/wp-json\/wp\/v2\/posts"}],"about":[{"href":"https:\/\/www.europesays.com\/fr\/wp-json\/wp\/v2\/types\/post"}],"author":[{"embeddable":true,"href":"https:\/\/www.europesays.com\/fr\/wp-json\/wp\/v2\/users\/2"}],"replies":[{"embeddable":true,"href":"https:\/\/www.europesays.com\/fr\/wp-json\/wp\/v2\/comments?post=363056"}],"version-history":[{"count":0,"href":"https:\/\/www.europesays.com\/fr\/wp-json\/wp\/v2\/posts\/363056\/revisions"}],"wp:featuredmedia":[{"embeddable":true,"href":"https:\/\/www.europesays.com\/fr\/wp-json\/wp\/v2\/media\/363057"}],"wp:attachment":[{"href":"https:\/\/www.europesays.com\/fr\/wp-json\/wp\/v2\/media?parent=363056"}],"wp:term":[{"taxonomy":"category","embeddable":true,"href":"https:\/\/www.europesays.com\/fr\/wp-json\/wp\/v2\/categories?post=363056"},{"taxonomy":"post_tag","embeddable":true,"href":"https:\/\/www.europesays.com\/fr\/wp-json\/wp\/v2\/tags?post=363056"}],"curies":[{"name":"wp","href":"https:\/\/api.w.org\/{rel}","templated":true}]}}