{"id":363058,"date":"2025-09-03T10:53:14","date_gmt":"2025-09-03T10:53:14","guid":{"rendered":"https:\/\/www.europesays.com\/fr\/363058\/"},"modified":"2025-09-03T10:53:14","modified_gmt":"2025-09-03T10:53:14","slug":"les-boissons-energisantes-bientot-interdites-aux-moins-de-16-ans-en-angleterre","status":"publish","type":"post","link":"https:\/\/www.europesays.com\/fr\/363058\/","title":{"rendered":"les boissons \u00e9nergisantes bient\u00f4t interdites aux moins de 16\u00a0ans en Angleterre"},"content":{"rendered":"<p>La vente de boissons \u00e9nergisantes comme le Red Bull va \u00eatre interdite aux jeunes de moins de 16\u00a0ans en Angleterre afin d\u2019\u00ab\u00a0am\u00e9liorer leur sant\u00e9 physique et mentale\u00a0\u00bb et de lutter contre l\u2019ob\u00e9sit\u00e9, a annonc\u00e9 mercredi 3\u00a0septembre le gouvernement.<\/p>\n<p>Environ un tiers des adolescents de 13 \u00e0 16\u00a0ans et pr\u00e8s d\u2019un quart des enfants \u00e2g\u00e9s de 11 \u00e0 12\u00a0ans consomment une ou plusieurs de ces boissons chaque semaine, selon des recherches cit\u00e9es par le minist\u00e8re de la sant\u00e9.<\/p>\n<p>Le gouvernement met en avant leurs \u00ab\u00a0effets n\u00e9fastes\u00a0\u00bb sur la sant\u00e9 des jeunes, notamment <a href=\"https:\/\/www.la-croix.com\/Famille\/Il-faudrait-ados-soient-conscients-sommeil-jeunes-enjeu-sante-publique-2022-05-03-1201213295\" data-tracking=\"inpage_click\" data-tracking-action=\"suivre un lien dans l&#039;article\" data-tracking-category=\"engagement\" rel=\"nofollow noopener\" target=\"_blank\">les troubles du sommeil<\/a>, une augmentation de l\u2019anxi\u00e9t\u00e9, une baisse de la concentration et des r\u00e9sultats scolaires. \u00ab\u00a0Comment les enfants peuvent-ils r\u00e9ussir \u00e0 l\u2019\u00e9cole s\u2019ils ing\u00e8rent quotidiennement l\u2019\u00e9quivalent d\u2019un double espresso\u00a0?\u00a0\u00bb, s\u2019interroge le ministre de la sant\u00e9 Wes Streeting dans un communiqu\u00e9.<\/p>\n<p>Les boissons contenant de la caf\u00e9ine<\/p>\n<p>Les boissons \u00e9nergisantes \u00ab\u00a0peuvent sembler inoffensives mais elles ont un impact sur le sommeil, la concentration et le bien-\u00eatre des enfants d\u2019aujourd\u2019hui, tandis que les versions riches en sucre endommagent leurs dents et contribuent \u00e0 l\u2019ob\u00e9sit\u00e9\u00a0\u00bb, ajoute-t-il.<\/p>\n<p>Le gouvernement veut rendre ill\u00e9gale la vente de boissons \u00e9nergisantes contenant plus de 150\u00a0mg de caf\u00e9ine par litre aux moins de 16\u00a0ans. Il s\u2019agit notamment des boissons Red Bull et Monster. Cette interdiction s\u2019appliquera \u00e0 tous les points de vente, y compris en ligne, dans les magasins, les restaurants, les caf\u00e9s et les distributeurs automatiques.<\/p>\n<p>Une consultation de 12 semaines est lanc\u00e9e mercredi sur la mise en \u0153uvre de l\u2019interdiction, afin de recueillir des informations aupr\u00e8s d\u2019experts de la sant\u00e9, de responsables de l\u2019\u00e9ducation, de vendeurs etc. Cette mesure s\u2019applique \u00e0 l\u2019Angleterre. L\u2019Irlande du Nord, l\u2019\u00c9cosse et le pays de Galles prennent leurs propres d\u00e9cisions en mati\u00e8re de sant\u00e9.<\/p>\n","protected":false},"excerpt":{"rendered":"La vente de boissons \u00e9nergisantes comme le Red Bull va \u00eatre interdite aux jeunes de moins de 16\u00a0ans&hellip;\n","protected":false},"author":2,"featured_media":363059,"comment_status":"","ping_status":"","sticky":false,"template":"","format":"standard","meta":{"footnotes":""},"categories":[1588],"tags":[11,1777,674,12,473,1853,1851,1850,1852],"class_list":{"0":"post-363058","1":"post","2":"type-post","3":"status-publish","4":"format-standard","5":"has-post-thumbnail","7":"category-royaume-uni","8":"tag-actualites","9":"tag-eu","10":"tag-europe","11":"tag-news","12":"tag-royaume-uni","13":"tag-royaume-uni-de-grande-bretagne-et-dirlande-du-nord","14":"tag-uk","15":"tag-united-kingdom","16":"tag-united-kingdom-of-great-britain-and-northern-ireland"},"share_on_mastodon":{"url":"https:\/\/pubeurope.com\/@fr\/115139995462551857","error":""},"_links":{"self":[{"href":"https:\/\/www.europesays.com\/fr\/wp-json\/wp\/v2\/posts\/363058","targetHints":{"allow":["GET"]}}],"collection":[{"href":"https:\/\/www.europesays.com\/fr\/wp-json\/wp\/v2\/posts"}],"about":[{"href":"https:\/\/www.europesays.com\/fr\/wp-json\/wp\/v2\/types\/post"}],"author":[{"embeddable":true,"href":"https:\/\/www.europesays.com\/fr\/wp-json\/wp\/v2\/users\/2"}],"replies":[{"embeddable":true,"href":"https:\/\/www.europesays.com\/fr\/wp-json\/wp\/v2\/comments?post=363058"}],"version-history":[{"count":0,"href":"https:\/\/www.europesays.com\/fr\/wp-json\/wp\/v2\/posts\/363058\/revisions"}],"wp:featuredmedia":[{"embeddable":true,"href":"https:\/\/www.europesays.com\/fr\/wp-json\/wp\/v2\/media\/363059"}],"wp:attachment":[{"href":"https:\/\/www.europesays.com\/fr\/wp-json\/wp\/v2\/media?parent=363058"}],"wp:term":[{"taxonomy":"category","embeddable":true,"href":"https:\/\/www.europesays.com\/fr\/wp-json\/wp\/v2\/categories?post=363058"},{"taxonomy":"post_tag","embeddable":true,"href":"https:\/\/www.europesays.com\/fr\/wp-json\/wp\/v2\/tags?post=363058"}],"curies":[{"name":"wp","href":"https:\/\/api.w.org\/{rel}","templated":true}]}}