{"id":363061,"date":"2025-09-03T10:55:11","date_gmt":"2025-09-03T10:55:11","guid":{"rendered":"https:\/\/www.europesays.com\/fr\/363061\/"},"modified":"2025-09-03T10:55:11","modified_gmt":"2025-09-03T10:55:11","slug":"leurope-est-passee-dune-dependance-a-une-autre","status":"publish","type":"post","link":"https:\/\/www.europesays.com\/fr\/363061\/","title":{"rendered":"l\u2019Europe est pass\u00e9e d\u2019une d\u00e9pendance \u00e0 une autre"},"content":{"rendered":"<p>Il y a tout juste trois ans, l\u2019Europe s\u2019inqui\u00e9tait de ne pas avoir assez de gaz pour passer l\u2019hiver. Sur les march\u00e9s, le prix du gaz atteignait alors des sommets, d\u00e9passant les 200\u00a0\u20ac\/MWh en septembre\u00a02022, alors qu\u2019il se situait entre quinze et vingt euros en moyenne les ann\u00e9es pr\u00e9c\u00e9dentes, selon l\u2019indice TTF, r\u00e9f\u00e9rence sur le march\u00e9 europ\u00e9en.<\/p>\n<p>Cet article est r\u00e9serv\u00e9 aux abonn\u00e9s<\/p>\n<p>\n                    Vous souhaitez lire la suite\u00a0? Abonnez-vous sans engagement \u00e0 notre offre num\u00e9rique\n                <\/p>\n<p>                <a href=\"https:\/\/www.la-croix.com\/abonnement\" class=\"default-paywall__subscribe-button\" data-tracking=\"cta_click\" data-tracking-action=\"voir la page abonnement\" data-tracking-category=\"abonnement\" rel=\"nofollow noopener\" target=\"_blank\">Je m&rsquo;abonne<\/a><\/p>\n","protected":false},"excerpt":{"rendered":"Il y a tout juste trois ans, l\u2019Europe s\u2019inqui\u00e9tait de ne pas avoir assez de gaz pour passer&hellip;\n","protected":false},"author":2,"featured_media":363062,"comment_status":"","ping_status":"","sticky":false,"template":"","format":"standard","meta":{"footnotes":""},"categories":[1586],"tags":[11,1777,674,1011,27,12,25],"class_list":{"0":"post-363061","1":"post","2":"type-post","3":"status-publish","4":"format-standard","5":"has-post-thumbnail","7":"category-europe","8":"tag-actualites","9":"tag-eu","10":"tag-europe","11":"tag-fr","12":"tag-france","13":"tag-news","14":"tag-republique-francaise"},"share_on_mastodon":{"url":"https:\/\/pubeurope.com\/@fr\/115140003348987204","error":""},"_links":{"self":[{"href":"https:\/\/www.europesays.com\/fr\/wp-json\/wp\/v2\/posts\/363061","targetHints":{"allow":["GET"]}}],"collection":[{"href":"https:\/\/www.europesays.com\/fr\/wp-json\/wp\/v2\/posts"}],"about":[{"href":"https:\/\/www.europesays.com\/fr\/wp-json\/wp\/v2\/types\/post"}],"author":[{"embeddable":true,"href":"https:\/\/www.europesays.com\/fr\/wp-json\/wp\/v2\/users\/2"}],"replies":[{"embeddable":true,"href":"https:\/\/www.europesays.com\/fr\/wp-json\/wp\/v2\/comments?post=363061"}],"version-history":[{"count":0,"href":"https:\/\/www.europesays.com\/fr\/wp-json\/wp\/v2\/posts\/363061\/revisions"}],"wp:featuredmedia":[{"embeddable":true,"href":"https:\/\/www.europesays.com\/fr\/wp-json\/wp\/v2\/media\/363062"}],"wp:attachment":[{"href":"https:\/\/www.europesays.com\/fr\/wp-json\/wp\/v2\/media?parent=363061"}],"wp:term":[{"taxonomy":"category","embeddable":true,"href":"https:\/\/www.europesays.com\/fr\/wp-json\/wp\/v2\/categories?post=363061"},{"taxonomy":"post_tag","embeddable":true,"href":"https:\/\/www.europesays.com\/fr\/wp-json\/wp\/v2\/tags?post=363061"}],"curies":[{"name":"wp","href":"https:\/\/api.w.org\/{rel}","templated":true}]}}