{"id":363063,"date":"2025-09-03T10:56:12","date_gmt":"2025-09-03T10:56:12","guid":{"rendered":"https:\/\/www.europesays.com\/fr\/363063\/"},"modified":"2025-09-03T10:56:12","modified_gmt":"2025-09-03T10:56:12","slug":"accord-ue-mercosur-le-traite-de-libre-echange-arrive-sur-la-table-dune-commission-europeenne-qui-tente-de-rassurer-la-france","status":"publish","type":"post","link":"https:\/\/www.europesays.com\/fr\/363063\/","title":{"rendered":"Accord UE-Mercosur\u00a0: le trait\u00e9 de libre-\u00e9change arrive sur la table d\u2019une Commission europ\u00e9enne qui tente de rassurer la France"},"content":{"rendered":"<p>Cette modification pourra-t-elle suffire \u00e0 Paris\u00a0? Sollicit\u00e9s par l\u2019AFP, le gouvernement et l\u2019Elys\u00e9e n\u2019ont pas souhait\u00e9 r\u00e9agir \u00e0 ce stade. Mais \u00ab\u00a0la France estime, sous r\u00e9serve d\u2019une analyse approfondie\u00a0\u00bb que cela \u00ab\u00a0va dans le bon sens\u00a0\u00bb, assure une source diplomatique. \u00ab\u00a0Il faudra bien s\u00fbr s\u2019assurer de l\u2019efficacit\u00e9 de ce dispositif\u00a0\u00bb de sauvegarde. Dans l\u2019opposition, par contre, <a href=\"https:\/\/www.rtbf.be\/article\/france-le-rn-orban-salvini-van-grieken-et-compagnie-unis-contre-l-union-europeenne-et-derriere-marine-le-pen-11559246\" rel=\"nofollow noopener\" target=\"_blank\">le Rassemblement National<\/a> d\u00e9nonce d\u00e9j\u00e0 une \u00ab\u00a0trahison\u00a0\u00bb d\u2019Emmanuel Macron si la France change de pied tandis que La France Insoumise (extr\u00eame-gauche, <a href=\"https:\/\/www.rtbf.be\/article\/emprise-sectaire-gourou-attaques-en-meute-le-portrait-de-jean-luc-melenchon-qui-fait-polemique-11554641\" rel=\"nofollow noopener\" target=\"_blank\">le parti de Jean-Luc M\u00e9lenchon<\/a>) appelle \u00e0 la \u00ab\u00a0mobilisation g\u00e9n\u00e9rale\u00a0\u00bb contre ce que le parti qualifie de \u00ab\u00a0passage en force\u00a0\u00bb.<\/p>\n<p>Au Parlement europ\u00e9en, le centriste Pascal Canfin promet, lui, de son c\u00f4t\u00e9, une initiative transpartisane pour tenter de \u00ab\u00a0suspendre l\u2019adoption\u00a0\u00bb de l\u2019accord, \u00ab\u00a0en l\u2019absence de transparence et de garanties claires\u00a0\u00bb.<\/p>\n<p>Si la France maintient son opposition \u00e0 l\u2019accord, elle ne pourrait le faire capoter \u00e0 elle seule. Il lui faudrait r\u00e9unir une \u00ab\u00a0minorit\u00e9 de blocage\u00a0\u00bb, soit au moins quatre Etats repr\u00e9sentant plus de 35% de la population de l\u2019Union europ\u00e9enne. Et outre la France, soulignons que la Pologne et l\u2019Italie ont aussi \u00e9mis des r\u00e9serves sur l\u2019accord. Et ensemble, ces trois pays pourraient d\u00e9j\u00e0 bloquer le processus, selon nos coll\u00e8gues de l\u2019agence Reuters\u2026<\/p>\n","protected":false},"excerpt":{"rendered":"Cette modification pourra-t-elle suffire \u00e0 Paris\u00a0? Sollicit\u00e9s par l\u2019AFP, le gouvernement et l\u2019Elys\u00e9e n\u2019ont pas souhait\u00e9 r\u00e9agir \u00e0&hellip;\n","protected":false},"author":2,"featured_media":363064,"comment_status":"","ping_status":"","sticky":false,"template":"","format":"standard","meta":{"footnotes":""},"categories":[1586],"tags":[11,1777,674,1779,1011,27,12,25,1778,364],"class_list":{"0":"post-363063","1":"post","2":"type-post","3":"status-publish","4":"format-standard","5":"has-post-thumbnail","7":"category-europe","8":"tag-actualites","9":"tag-eu","10":"tag-europe","11":"tag-european-union","12":"tag-fr","13":"tag-france","14":"tag-news","15":"tag-republique-francaise","16":"tag-ue","17":"tag-union-europeenne"},"share_on_mastodon":{"url":"https:\/\/pubeurope.com\/@fr\/115140007280546315","error":""},"_links":{"self":[{"href":"https:\/\/www.europesays.com\/fr\/wp-json\/wp\/v2\/posts\/363063","targetHints":{"allow":["GET"]}}],"collection":[{"href":"https:\/\/www.europesays.com\/fr\/wp-json\/wp\/v2\/posts"}],"about":[{"href":"https:\/\/www.europesays.com\/fr\/wp-json\/wp\/v2\/types\/post"}],"author":[{"embeddable":true,"href":"https:\/\/www.europesays.com\/fr\/wp-json\/wp\/v2\/users\/2"}],"replies":[{"embeddable":true,"href":"https:\/\/www.europesays.com\/fr\/wp-json\/wp\/v2\/comments?post=363063"}],"version-history":[{"count":0,"href":"https:\/\/www.europesays.com\/fr\/wp-json\/wp\/v2\/posts\/363063\/revisions"}],"wp:featuredmedia":[{"embeddable":true,"href":"https:\/\/www.europesays.com\/fr\/wp-json\/wp\/v2\/media\/363064"}],"wp:attachment":[{"href":"https:\/\/www.europesays.com\/fr\/wp-json\/wp\/v2\/media?parent=363063"}],"wp:term":[{"taxonomy":"category","embeddable":true,"href":"https:\/\/www.europesays.com\/fr\/wp-json\/wp\/v2\/categories?post=363063"},{"taxonomy":"post_tag","embeddable":true,"href":"https:\/\/www.europesays.com\/fr\/wp-json\/wp\/v2\/tags?post=363063"}],"curies":[{"name":"wp","href":"https:\/\/api.w.org\/{rel}","templated":true}]}}