{"id":363065,"date":"2025-09-03T10:57:11","date_gmt":"2025-09-03T10:57:11","guid":{"rendered":"https:\/\/www.europesays.com\/fr\/363065\/"},"modified":"2025-09-03T10:57:11","modified_gmt":"2025-09-03T10:57:11","slug":"le-rc-lens-6e-club-qui-a-realise-le-plus-de-benefices-le-mercato-en-l1-a-travers-quelques-chiffres","status":"publish","type":"post","link":"https:\/\/www.europesays.com\/fr\/363065\/","title":{"rendered":"Le RC Lens 6e club qui a r\u00e9alis\u00e9 le plus de b\u00e9n\u00e9fices, le mercato en L1 \u00e0 travers quelques chiffres"},"content":{"rendered":"<p>Sans surprise, le mercato d\u2019\u00e9t\u00e9 \u00e9tait l\u2019occasion pour les clubs fran\u00e7ais de faire rentrer de l\u2019argent pour renflouer les caisses, \u00e0 d\u00e9faut de pouvoir compter sur les droits TV. A ce titre, le <strong>RC Lens<\/strong> fait partie des clubs dont la balance des transferts a \u00e9t\u00e9 positive pour les comptes.<\/p>\n<p>Le <strong>RC Lens<\/strong>, malgr\u00e9 de nombreux achats, a r\u00e9alis\u00e9 35,1 millions d\u2019euros de b\u00e9n\u00e9fices (54,7 millions d\u2019achats, 89,8 millions en ventes), ce qui le place en 6e position selon les chiffres rapport\u00e9es par <a href=\"https:\/\/www.lequipe.fr\/Football\/Actualites\/Bilan-du-mercato-la-ligue-1-a-realise-beaucoup-plus-de-benefices-que-ses-rivaux-du-big-5-sur-le-marche-des-transferts\/1589900\" target=\"_blank\" rel=\"noopener nofollow\">L\u2019Equipe<\/a>. Au total, 14 clubs de Ligue 1 sur 18 ont fait des b\u00e9n\u00e9fices. Monaco, en t\u00eate, a atteint les 103,6 millions d\u2019euros devant Nice (74,1) et Lille pour compl\u00e9ter le podium (71,6). Lyon (69,1 millions) et Nantes (35,5 millions) sont les autres clubs qui ont r\u00e9ussi \u00e0 faire plus de b\u00e9n\u00e9fices que Lens. Tout en bas, chez les d\u00e9ficitaires, on trouve le PSG (-39 millions), Strasbourg (-41,8 millions) et le Paris FC, promu qui s\u2019est av\u00e9r\u00e9 tr\u00e8s d\u00e9pensier (-57,3 millions d\u2019euros). Mais ils n\u2019ont pas emp\u00each\u00e9 les clubs de cumuler 343 millions d\u2019euros de b\u00e9n\u00e9fices. Le meilleur total des 5 grands championnats.<\/p>\n<p>D\u2019autres chiffres partag\u00e9s par la LFP<\/p>\n<p><img loading=\"lazy\" decoding=\"async\" class=\"size-medium wp-image-278696 aligncenter lazyload\" alt=\"baidoo bulatovic thomasson entra\u00eenement\" width=\"600\" height=\"400\" src=\"https:\/\/www.europesays.com\/fr\/wp-content\/uploads\/2025\/09\/baidoo-bulatovic-thomasson-entrainement-600x400.jpg\" data-eio-rwidth=\"600\" data-eio-rheight=\"400\"\/><\/p>\n<p>La LFP a fourni plusieurs chiffres. On apprend par exemple que 34 joueurs ont fait leur retour dans le championnat de Ligue 1 apr\u00e8s \u00eatre partis \u00e0 l\u2019\u00e9tranger ou en Ligue 2 (Gurtner, Sima, Edouard, Udol, Guilavogui, Thauvin \u00e0 Lens). Le RC Lens est le 3e club \u00e0 avoir recrut\u00e9 le plus de joueurs internationaux (6 avec Thauvin, Sima, Sangar\u00e9, Abdulhamid, Baidoo et Guilavogui, r\u00e9cup\u00e9r\u00e9 via une contre option). Avec 11 nouveaux joueurs, le RC Lens se place en 3e position derri\u00e8re Strasbourg (18) et Marseille (14).<\/p>\n","protected":false},"excerpt":{"rendered":"Sans surprise, le mercato d\u2019\u00e9t\u00e9 \u00e9tait l\u2019occasion pour les clubs fran\u00e7ais de faire rentrer de l\u2019argent pour renflouer&hellip;\n","protected":false},"author":2,"featured_media":363066,"comment_status":"","ping_status":"","sticky":false,"template":"","format":"standard","meta":{"footnotes":""},"categories":[2],"tags":[11,1011,27,12,25],"class_list":{"0":"post-363065","1":"post","2":"type-post","3":"status-publish","4":"format-standard","5":"has-post-thumbnail","7":"category-actualites","8":"tag-actualites","9":"tag-fr","10":"tag-france","11":"tag-news","12":"tag-republique-francaise"},"share_on_mastodon":{"url":"https:\/\/pubeurope.com\/@fr\/115140011586143962","error":""},"_links":{"self":[{"href":"https:\/\/www.europesays.com\/fr\/wp-json\/wp\/v2\/posts\/363065","targetHints":{"allow":["GET"]}}],"collection":[{"href":"https:\/\/www.europesays.com\/fr\/wp-json\/wp\/v2\/posts"}],"about":[{"href":"https:\/\/www.europesays.com\/fr\/wp-json\/wp\/v2\/types\/post"}],"author":[{"embeddable":true,"href":"https:\/\/www.europesays.com\/fr\/wp-json\/wp\/v2\/users\/2"}],"replies":[{"embeddable":true,"href":"https:\/\/www.europesays.com\/fr\/wp-json\/wp\/v2\/comments?post=363065"}],"version-history":[{"count":0,"href":"https:\/\/www.europesays.com\/fr\/wp-json\/wp\/v2\/posts\/363065\/revisions"}],"wp:featuredmedia":[{"embeddable":true,"href":"https:\/\/www.europesays.com\/fr\/wp-json\/wp\/v2\/media\/363066"}],"wp:attachment":[{"href":"https:\/\/www.europesays.com\/fr\/wp-json\/wp\/v2\/media?parent=363065"}],"wp:term":[{"taxonomy":"category","embeddable":true,"href":"https:\/\/www.europesays.com\/fr\/wp-json\/wp\/v2\/categories?post=363065"},{"taxonomy":"post_tag","embeddable":true,"href":"https:\/\/www.europesays.com\/fr\/wp-json\/wp\/v2\/tags?post=363065"}],"curies":[{"name":"wp","href":"https:\/\/api.w.org\/{rel}","templated":true}]}}