{"id":363067,"date":"2025-09-03T10:58:11","date_gmt":"2025-09-03T10:58:11","guid":{"rendered":"https:\/\/www.europesays.com\/fr\/363067\/"},"modified":"2025-09-03T10:58:11","modified_gmt":"2025-09-03T10:58:11","slug":"strasbourg-ce-nest-pas-lyon-il-defend-le-racing","status":"publish","type":"post","link":"https:\/\/www.europesays.com\/fr\/363067\/","title":{"rendered":"\u00ab\u00a0Strasbourg ce n\u2019est pas Lyon\u00a0\u00bb : Il d\u00e9fend le Racing"},"content":{"rendered":"<p><strong>Cet \u00e9t\u00e9, le Racing club de Strasbourg a marqu\u00e9 les esprits par un mercato agressif en liaison avec Chelsea. Le club alsacien, propri\u00e9t\u00e9 de BlueCo a d\u00e9pens\u00e9 plus de 120ME<\/strong><strong>. Dans une L1 \u00e0 l\u2019agonie financi\u00e8re, Strasbourg agace certains suiveurs. J\u00e9r\u00f4me Rothen ne trouve pas la situation grave de son c\u00f4t\u00e9.<\/strong><\/p>\n<p>Le Racing Club de Strasbourg sera assur\u00e9ment l\u2019une des formations \u00e0 suivre cette saison. Le club alsacien a d\u00e9pens\u00e9 sans compter sur le mercato estival cette ann\u00e9e. Plus de 127 millions d\u2019euros de transferts pour 85 millions d\u2019euros de vente. Beaucoup d\u2019arriv\u00e9es et des liens toujours plus affirm\u00e9s avec Chelsea. La strat\u00e9gie BlueCo irrite dans l\u2019hexagone. Si certains pensent que cela fausse le championnat, d&rsquo;autres trouvent que la situation n\u2019est pas si alarmante. En tout cas, le d\u00e9bat de la multipropri\u00e9t\u00e9 n\u2019a pas fini d\u2019agiter le monde du ballon rond.<\/p>\n<p>La multipropri\u00e9t\u00e9 fait grincer des dents<\/p>\n<blockquote class=\"twitter-tweet\"><p>&#13;<\/p>\n<p lang=\"fr\" dir=\"ltr\">\ud83d\udcb0 Est-ce que le mercato de Strasbourg fausse le championnat ?<a href=\"https:\/\/twitter.com\/RothenJerome?ref_src=twsrc%5Etfw\" rel=\"nofollow noopener\" target=\"_blank\">@rothenjerome<\/a> : \u00ab\u00a0La multipropri\u00e9t\u00e9 est accept\u00e9e dans le foot donc il faut faire avec. La seule probl\u00e9matique, c&rsquo;est que c&rsquo;est difficile pour les supporters de s&rsquo;identifier.\u00a0\u00bb <a href=\"https:\/\/twitter.com\/hashtag\/RMCLive?src=hash&amp;ref_src=twsrc%5Etfw\" rel=\"nofollow noopener\" target=\"_blank\">#RMCLive<\/a> <a href=\"https:\/\/t.co\/ZiHQ9xyFXv\" rel=\"nofollow\">pic.twitter.com\/ZiHQ9xyFXv<\/a><\/p>\n<p>&#13;<br \/>\n\u2014 Rothen s&rsquo;enflamme (@Rothensenflamme) <a href=\"https:\/\/twitter.com\/Rothensenflamme\/status\/1962933173068669263?ref_src=twsrc%5Etfw\" rel=\"nofollow noopener\" target=\"_blank\">September 2, 2025<\/a><\/p><\/blockquote>\n<p>Sur RMC dans l\u2019\u00e9mission Rothen s\u2019enflamme, J\u00e9r\u00f4me Rothen s\u2019est exprim\u00e9 sur le cas du club alsacien. Pour l\u2019ancien joueur du PSG, le Racing club de Strasbourg ne fausse pas le championnat. \u00ab Strasbourg aujourd\u2019hui ce n\u2019est pas Lyon. Ce n\u2019est pas Bordeaux, dans la gestion. C\u2019est un club qui appartient \u00e0 une multipropri\u00e9t\u00e9. Dans ce cas si vous vous braquez, il faut dire, on ne veut pas de multipropri\u00e9t\u00e9 dans le football. La multipropri\u00e9t\u00e9 est accept\u00e9e dans le foot donc il faut faire avec. Aujourd\u2019hui, on peut penser comme \u00e7a, mais elle est accept\u00e9e. Donc Strasbourg fait avec, moi \u00e7a ne me choque pas de voir \u00e7a, car d\u2019autres clubs le font aussi. Mais je n\u2019ai pas l\u2019impression que Strasbourg fausse le championnat. Par contre, la seule probl\u00e9matique \u00e0 mon sens dans la multipropri\u00e9t\u00e9, c\u2019est que c&rsquo;est difficile pour les supporters de s&rsquo;identifier, \u00bb explique-t-il. Avec plus de 32 arriv\u00e9es et 26 d\u00e9parts, selon Transfermarkt, Strasbourg a connu un beau remue-m\u00e9nage cet \u00e9t\u00e9.\u00a0<\/p>\n<p>          <script async src=\"https:\/\/platform.twitter.com\/widgets.js\" charset=\"utf-8\"><\/script><\/p>\n","protected":false},"excerpt":{"rendered":"Cet \u00e9t\u00e9, le Racing club de Strasbourg a marqu\u00e9 les esprits par un mercato agressif en liaison avec&hellip;\n","protected":false},"author":2,"featured_media":363068,"comment_status":"","ping_status":"","sticky":false,"template":"","format":"standard","meta":{"footnotes":""},"categories":[2],"tags":[11,1011,27,12,25],"class_list":{"0":"post-363067","1":"post","2":"type-post","3":"status-publish","4":"format-standard","5":"has-post-thumbnail","7":"category-actualites","8":"tag-actualites","9":"tag-fr","10":"tag-france","11":"tag-news","12":"tag-republique-francaise"},"share_on_mastodon":{"url":"https:\/\/pubeurope.com\/@fr\/115140015280598502","error":""},"_links":{"self":[{"href":"https:\/\/www.europesays.com\/fr\/wp-json\/wp\/v2\/posts\/363067","targetHints":{"allow":["GET"]}}],"collection":[{"href":"https:\/\/www.europesays.com\/fr\/wp-json\/wp\/v2\/posts"}],"about":[{"href":"https:\/\/www.europesays.com\/fr\/wp-json\/wp\/v2\/types\/post"}],"author":[{"embeddable":true,"href":"https:\/\/www.europesays.com\/fr\/wp-json\/wp\/v2\/users\/2"}],"replies":[{"embeddable":true,"href":"https:\/\/www.europesays.com\/fr\/wp-json\/wp\/v2\/comments?post=363067"}],"version-history":[{"count":0,"href":"https:\/\/www.europesays.com\/fr\/wp-json\/wp\/v2\/posts\/363067\/revisions"}],"wp:featuredmedia":[{"embeddable":true,"href":"https:\/\/www.europesays.com\/fr\/wp-json\/wp\/v2\/media\/363068"}],"wp:attachment":[{"href":"https:\/\/www.europesays.com\/fr\/wp-json\/wp\/v2\/media?parent=363067"}],"wp:term":[{"taxonomy":"category","embeddable":true,"href":"https:\/\/www.europesays.com\/fr\/wp-json\/wp\/v2\/categories?post=363067"},{"taxonomy":"post_tag","embeddable":true,"href":"https:\/\/www.europesays.com\/fr\/wp-json\/wp\/v2\/tags?post=363067"}],"curies":[{"name":"wp","href":"https:\/\/api.w.org\/{rel}","templated":true}]}}