{"id":363069,"date":"2025-09-03T10:59:11","date_gmt":"2025-09-03T10:59:11","guid":{"rendered":"https:\/\/www.europesays.com\/fr\/363069\/"},"modified":"2025-09-03T10:59:11","modified_gmt":"2025-09-03T10:59:11","slug":"les-reserves-de-la-france-ont-ete-entendues-par-lunion-europeenne","status":"publish","type":"post","link":"https:\/\/www.europesays.com\/fr\/363069\/","title":{"rendered":"les r\u00e9serves de la France ont \u00e9t\u00e9 \u00ab\u00a0entendues\u00a0\u00bb par l&rsquo;Union europ\u00e9enne"},"content":{"rendered":"<p>Mercosur: les r\u00e9serves de la France ont \u00e9t\u00e9 \u00ab\u00a0entendues\u00a0\u00bb par l&rsquo;Union europ\u00e9enneSur le m\u00eame sujet<a href=\"https:\/\/www.bfmtv.com\/politique\/gouvernement\/video-mercosur-les-reserves-de-la-france-ont-ete-entendues-par-l-union-europeenne_VN-202509030498.html\" title=\"Mercosur: les r\u00e9serves de la France ont \u00e9t\u00e9 &quot;entendues&quot; par l&#039;Union europ\u00e9enne\" rel=\"nofollow noopener\" target=\"_blank\"><img width=\"16\" height=\"9\" class=\"lozad\"  alt=\"Mercosur: les r\u00e9serves de la France ont \u00e9t\u00e9 &quot;entendues&quot; par l'Union europ\u00e9enne\"\/>en lectureMercosur: les r\u00e9serves de la France ont \u00e9t\u00e9 \u00ab\u00a0entendues\u00a0\u00bb par l&rsquo;Union europ\u00e9enne<\/a><a href=\"https:\/\/www.bfmtv.com\/politique\/gouvernement\/video-vote-de-confiance-emmanuel-macron-appelle-a-la-mobilisation-pour-passer-cet-obstacle_VN-202509030481.html\" title=\"Vote de confiance: Emmanuel Macron appelle \u00e0 la &quot;mobilisation&quot; pour &quot;passer cet obstacle&quot;\" rel=\"nofollow noopener\" target=\"_blank\"><img width=\"16\" height=\"9\" class=\"lozad\"  alt=\"Vote de confiance: Emmanuel Macron appelle \u00e0 la &quot;mobilisation&quot; pour &quot;passer cet obstacle&quot;\"\/>1:53Vote de confiance: Emmanuel Macron appelle \u00e0 la \u00ab\u00a0mobilisation\u00a0\u00bb pour \u00ab\u00a0passer cet obstacle\u00a0\u00bb<\/a><a href=\"https:\/\/www.bfmtv.com\/politique\/gouvernement\/video-vote-de-confiance-nous-avons-trop-a-faire-souligne-sophie-primas-qui-souhaite-avancer_VN-202509030474.html\" title=\"Vote de confiance: &quot;Nous avons trop \u00e0 faire&quot;, souligne Sophie Primas qui souhaite &quot;avancer&quot;\" rel=\"nofollow noopener\" target=\"_blank\"><img width=\"16\" height=\"9\" class=\"lozad\"  alt=\"Vote de confiance: &quot;Nous avons trop \u00e0 faire&quot;, souligne Sophie Primas qui souhaite &quot;avancer&quot;\"\/>1:04Vote de confiance: \u00ab\u00a0Nous avons trop \u00e0 faire\u00a0\u00bb, souligne Sophie Primas qui souhaite \u00ab\u00a0avancer\u00a0\u00bb<\/a><a href=\"https:\/\/www.bfmtv.com\/politique\/gouvernement\/video-emmanuel-macron-appelle-a-une-mobilisation-totale-autour-de-francois-bayrou_VN-202509030454.html\" title=\"Emmanuel Macron appelle \u00e0 une &quot;mobilisation totale&quot; autour de Fran\u00e7ois Bayrou\" rel=\"nofollow noopener\" target=\"_blank\"><img width=\"16\" height=\"9\" class=\"lozad\"  alt=\"Emmanuel Macron appelle \u00e0 une &quot;mobilisation totale&quot; autour de Fran\u00e7ois Bayrou\"\/>0:25Emmanuel Macron appelle \u00e0 une \u00ab\u00a0mobilisation totale\u00a0\u00bb autour de Fran\u00e7ois Bayrou<\/a><a href=\"https:\/\/www.bfmtv.com\/economie\/video-edito-le-gouvernement-veut-durcir-l-acces-a-l-aide-medicale-d-etat_VN-202509030400.html\" title=\"\u00c9DITO - Le gouvernement veut durcir l&#039;acc\u00e8s \u00e0 l&#039;aide m\u00e9dicale d&#039;\u00c9tat\" rel=\"nofollow noopener\" target=\"_blank\"><img width=\"16\" height=\"9\" class=\"lozad\"  alt=\"\u00c9DITO - Le gouvernement veut durcir l'acc\u00e8s \u00e0 l'aide m\u00e9dicale d'\u00c9tat\"\/>2:22\u00c9DITO &#8211; Le gouvernement veut durcir l&rsquo;acc\u00e8s \u00e0 l&rsquo;aide m\u00e9dicale d&rsquo;\u00c9tat<\/a><a href=\"https:\/\/www.bfmtv.com\/politique\/les-republicains\/video-vote-de-confiance-la-methode-est-desastreuse-estime-florence-portelli-lr_VN-202509030347.html\" title=\"Vote de confiance: &quot;La m\u00e9thode est d\u00e9sastreuse&quot;, estime Florence Portelli (LR)\" rel=\"nofollow noopener\" target=\"_blank\"><img width=\"16\" height=\"9\" class=\"lozad\"  alt=\"Vote de confiance: &quot;La m\u00e9thode est d\u00e9sastreuse&quot;, estime Florence Portelli (LR)\"\/>2:10Vote de confiance: \u00ab\u00a0La m\u00e9thode est d\u00e9sastreuse\u00a0\u00bb, estime Florence Portelli (LR)<\/a><a href=\"https:\/\/www.bfmtv.com\/politique\/les-republicains\/video-florence-portelli-lr-au-sujet-d-emmanuel-macron-et-de-francois-bayrou-je-trouve-qu-on-a-deux-kamikazes-a-la-tete-de-l-etat_VN-202509030346.html\" title=\"Florence Portelli (LR) au sujet d&#039;Emmanuel Macron et de Fran\u00e7ois Bayrou: &quot;Je trouve qu&#039;on a deux kamikazes \u00e0 la t\u00eate de l&#039;\u00c9tat&quot;\" rel=\"nofollow noopener\" target=\"_blank\"><img width=\"16\" height=\"9\" class=\"lozad\"  alt=\"Florence Portelli (LR) au sujet d'Emmanuel Macron et de Fran\u00e7ois Bayrou: &quot;Je trouve qu'on a deux kamikazes \u00e0 la t\u00eate de l'\u00c9tat&quot;\"\/>0:45Florence Portelli (LR) au sujet d&rsquo;Emmanuel Macron et de Fran\u00e7ois Bayrou: \u00ab\u00a0Je trouve qu&rsquo;on a deux kamikazes \u00e0 la t\u00eate de l&rsquo;\u00c9tat\u00a0\u00bb<\/a><a href=\"https:\/\/www.bfmtv.com\/politique\/parti-socialiste\/video-vote-de-confiance-francois-bayrou-a-rate-le-coche-estime-jerome-guedj-ps_VN-202509030344.html\" title=\"Vote de confiance: &quot;Fran\u00e7ois Bayrou a rat\u00e9 le coche&quot;, estime J\u00e9r\u00f4me Guedj (PS) \" rel=\"nofollow noopener\" target=\"_blank\"><img width=\"16\" height=\"9\" class=\"lozad\"  alt=\"Vote de confiance: &quot;Fran\u00e7ois Bayrou a rat\u00e9 le coche&quot;, estime J\u00e9r\u00f4me Guedj (PS) \"\/>1:24Vote de confiance: \u00ab\u00a0Fran\u00e7ois Bayrou a rat\u00e9 le coche\u00a0\u00bb, estime J\u00e9r\u00f4me Guedj (PS)<\/a><a href=\"https:\/\/www.bfmtv.com\/economie\/video-a-moins-d-une-semaine-du-vote-de-confiance-le-gouvernement-pousse-pour-durcir-l-acces-a-l-aide-medicale-d-etat_VN-202509030340.html\" title=\"\u00c0 moins d&#039;une semaine du vote de confiance, le gouvernement pousse pour durcir l&#039;acc\u00e8s \u00e0 l&#039;aide m\u00e9dicale d&#039;\u00c9tat\" rel=\"nofollow noopener\" target=\"_blank\"><img width=\"16\" height=\"9\" class=\"lozad\"  alt=\"\u00c0 moins d'une semaine du vote de confiance, le gouvernement pousse pour durcir l'acc\u00e8s \u00e0 l'aide m\u00e9dicale d'\u00c9tat\"\/>1:34\u00c0 moins d&rsquo;une semaine du vote de confiance, le gouvernement pousse pour durcir l&rsquo;acc\u00e8s \u00e0 l&rsquo;aide m\u00e9dicale d&rsquo;\u00c9tat<\/a><a href=\"https:\/\/www.bfmtv.com\/politique\/parti-socialiste\/video-info-bfmtv-francois-bayrou-va-tendre-la-main-aux-socialistes_VN-202509030073.html\" title=\"INFO BFMTV - Fran\u00e7ois Bayrou va &quot;tendre la main&quot; aux socialistes\" rel=\"nofollow noopener\" target=\"_blank\"><img width=\"16\" height=\"9\" class=\"lozad\"  alt=\"INFO BFMTV - Fran\u00e7ois Bayrou va &quot;tendre la main&quot; aux socialistes\"\/>0:59INFO BFMTV &#8211; Fran\u00e7ois Bayrou va \u00ab\u00a0tendre la main\u00a0\u00bb aux socialistes<\/a><a href=\"https:\/\/www.bfmtv.com\/politique\/gouvernement\/video-crise-politique-lfi-c-est-un-systeme-de-pensee-pour-adolescent-fustige-le-philosophe-raphael-enthoven_VN-202509020937.html\" title=\"Crise politique: &quot;LFI, c&#039;est un syst\u00e8me de pens\u00e9e pour adolescent&quot;, fustige le philosophe Rapha\u00ebl Enthoven\" rel=\"nofollow noopener\" target=\"_blank\"><img width=\"16\" height=\"9\" class=\"lozad\"  alt=\"Crise politique: &quot;LFI, c'est un syst\u00e8me de pens\u00e9e pour adolescent&quot;, fustige le philosophe Rapha\u00ebl Enthoven\"\/>0:48Crise politique: \u00ab\u00a0LFI, c&rsquo;est un syst\u00e8me de pens\u00e9e pour adolescent\u00a0\u00bb, fustige le philosophe Rapha\u00ebl Enthoven<\/a><a href=\"https:\/\/www.bfmtv.com\/politique\/gouvernement\/video-crise-politique-la-dissolution-est-un-desastre-affirme-le-philosophe-raphael-enthoven_VN-202509020933.html\" title=\"Crise politique: &quot;La dissolution est un d\u00e9sastre&quot;, affirme le philosophe Rapha\u00ebl Enthoven\" rel=\"nofollow noopener\" target=\"_blank\"><img width=\"16\" height=\"9\" class=\"lozad\"  alt=\"Crise politique: &quot;La dissolution est un d\u00e9sastre&quot;, affirme le philosophe Rapha\u00ebl Enthoven\"\/>1:40Crise politique: \u00ab\u00a0La dissolution est un d\u00e9sastre\u00a0\u00bb, affirme le philosophe Rapha\u00ebl Enthoven<\/a><a href=\"https:\/\/www.bfmtv.com\/politique\/gouvernement\/video-vote-de-confiance-du-8-septembre-monsieur-bayrou-est-en-stage-de-survie-lance-laurent-jacobelli-depute-rn-de-moselle_VN-202509020931.html\" title=\"Vote de confiance du 8 septembre: &quot;Monsieur Bayrou est en stage de survie&quot;, lance Laurent Jacobelli, d\u00e9put\u00e9 RN de Moselle \" rel=\"nofollow noopener\" target=\"_blank\"><img width=\"16\" height=\"9\" class=\"lozad\"  alt=\"Vote de confiance du 8 septembre: &quot;Monsieur Bayrou est en stage de survie&quot;, lance Laurent Jacobelli, d\u00e9put\u00e9 RN de Moselle \"\/>0:39Vote de confiance du 8 septembre: \u00ab\u00a0Monsieur Bayrou est en stage de survie\u00a0\u00bb, lance Laurent Jacobelli, d\u00e9put\u00e9 RN de Moselle<\/a><a href=\"https:\/\/www.bfmtv.com\/politique\/gouvernement\/video-vote-de-confiance-du-8-septembre-francois-bayrou-est-au-crepuscule-lance-le-philosophe-raphael-enthoven_VN-202509020929.html\" title=\"Vote de confiance du 8 septembre: &quot;Fran\u00e7ois Bayrou est au cr\u00e9puscule&quot;, lance le philosophe Rapha\u00ebl Enthoven\" rel=\"nofollow noopener\" target=\"_blank\"><img width=\"16\" height=\"9\" class=\"lozad\"  alt=\"Vote de confiance du 8 septembre: &quot;Fran\u00e7ois Bayrou est au cr\u00e9puscule&quot;, lance le philosophe Rapha\u00ebl Enthoven\"\/>1:02Vote de confiance du 8 septembre: \u00ab\u00a0Fran\u00e7ois Bayrou est au cr\u00e9puscule\u00a0\u00bb, lance le philosophe Rapha\u00ebl Enthoven<\/a><a class=\"jumpToVideo\" target=\"_blank\"><img class=\"thumbnailPreview\"\/><\/a><\/p>\n","protected":false},"excerpt":{"rendered":"Mercosur: les r\u00e9serves de la France ont \u00e9t\u00e9 \u00ab\u00a0entendues\u00a0\u00bb par l&rsquo;Union europ\u00e9enneSur le m\u00eame sujeten lectureMercosur: les r\u00e9serves&hellip;\n","protected":false},"author":2,"featured_media":363070,"comment_status":"","ping_status":"","sticky":false,"template":"","format":"standard","meta":{"footnotes":""},"categories":[4],"tags":[11,1011,27,12,25],"class_list":{"0":"post-363069","1":"post","2":"type-post","3":"status-publish","4":"format-standard","5":"has-post-thumbnail","7":"category-france","8":"tag-actualites","9":"tag-fr","10":"tag-france","11":"tag-news","12":"tag-republique-francaise"},"share_on_mastodon":{"url":"https:\/\/pubeurope.com\/@fr\/115140019498784573","error":""},"_links":{"self":[{"href":"https:\/\/www.europesays.com\/fr\/wp-json\/wp\/v2\/posts\/363069","targetHints":{"allow":["GET"]}}],"collection":[{"href":"https:\/\/www.europesays.com\/fr\/wp-json\/wp\/v2\/posts"}],"about":[{"href":"https:\/\/www.europesays.com\/fr\/wp-json\/wp\/v2\/types\/post"}],"author":[{"embeddable":true,"href":"https:\/\/www.europesays.com\/fr\/wp-json\/wp\/v2\/users\/2"}],"replies":[{"embeddable":true,"href":"https:\/\/www.europesays.com\/fr\/wp-json\/wp\/v2\/comments?post=363069"}],"version-history":[{"count":0,"href":"https:\/\/www.europesays.com\/fr\/wp-json\/wp\/v2\/posts\/363069\/revisions"}],"wp:featuredmedia":[{"embeddable":true,"href":"https:\/\/www.europesays.com\/fr\/wp-json\/wp\/v2\/media\/363070"}],"wp:attachment":[{"href":"https:\/\/www.europesays.com\/fr\/wp-json\/wp\/v2\/media?parent=363069"}],"wp:term":[{"taxonomy":"category","embeddable":true,"href":"https:\/\/www.europesays.com\/fr\/wp-json\/wp\/v2\/categories?post=363069"},{"taxonomy":"post_tag","embeddable":true,"href":"https:\/\/www.europesays.com\/fr\/wp-json\/wp\/v2\/tags?post=363069"}],"curies":[{"name":"wp","href":"https:\/\/api.w.org\/{rel}","templated":true}]}}