{"id":363072,"date":"2025-09-03T11:02:10","date_gmt":"2025-09-03T11:02:10","guid":{"rendered":"https:\/\/www.europesays.com\/fr\/363072\/"},"modified":"2025-09-03T11:02:10","modified_gmt":"2025-09-03T11:02:10","slug":"transferts-nationale-lancien-briviste-axel-muller-sengage-avec-narbonne","status":"publish","type":"post","link":"https:\/\/www.europesays.com\/fr\/363072\/","title":{"rendered":"Transferts. Nationale &#8211; L&rsquo;ancien Briviste Axel Muller s&rsquo;engage avec Narbonne"},"content":{"rendered":"<p>\n                L&rsquo;ancien ailier de Brive et de P\u00e9rigueux Axel Muller a donn\u00e9 son accord pour rejoindre le Racing Club Narbonnais. \u00c0 31 ans, il tentera d&rsquo;aider les Audois \u00e0 retrouver le Pro D2.\u00a0\n            <\/p>\n<p>Narbonne continue de se renforcer avec de l&rsquo;exp\u00e9rience. En cette fin d&rsquo;\u00e9t\u00e9, le club de l&rsquo;Aude a annonc\u00e9 la signature d&rsquo;un ancien joueur de Top 14 : Axel Muller. Pass\u00e9 par Toulon, Oyonnax ou encore Brive, l&rsquo;ailier conna\u00eet tr\u00e8s bien le milieu professionnel fran\u00e7ais, pour y avoir \u00e9volu\u00e9 plusieurs ann\u00e9es. L&rsquo;Argentin avait pass\u00e9 les deux derni\u00e8res saisons \u00e0 alterner entre P\u00e9rigueux en Nationale et le club Old Glory DC, en MLR (\u00c9tats-Unis).\u00a0<\/p>\n<p>Narbonne s&rsquo;arme et veut monter<\/p>\n<p>Muller s&rsquo;est simplement engag\u00e9 pour la saison en cours avec le RCN, un club qui a pour ambition la mont\u00e9e en Pro D2 l&rsquo;ann\u00e9e prochaine. Apr\u00e8s avoir \u00e9chou\u00e9 en demi-finale l&rsquo;an dernier, Narbonne a remport\u00e9 les deux premiers matchs de saison r\u00e9guli\u00e8re. <strong><a href=\"https:\/\/www.rugbyrama.fr\/2025\/08\/31\/nationale-face-au-promu-niortais-le-rcn-a-vaincu-pas-convaincu-12903073.php\" target=\"_self\" rel=\"nofollow noopener\">Sans convaincre pour autant<\/a><\/strong>, les Audois ont vaincu Massy dans l&rsquo;Essonne, avant de remporter leur duel face \u00e0 Niort.\u00a0<\/p>\n","protected":false},"excerpt":{"rendered":"L&rsquo;ancien ailier de Brive et de P\u00e9rigueux Axel Muller a donn\u00e9 son accord pour rejoindre le Racing Club&hellip;\n","protected":false},"author":2,"featured_media":363073,"comment_status":"","ping_status":"","sticky":false,"template":"","format":"standard","meta":{"footnotes":""},"categories":[1416],"tags":[1011,27,479,1468,60],"class_list":{"0":"post-363072","1":"post","2":"type-post","3":"status-publish","4":"format-standard","5":"has-post-thumbnail","7":"category-rugby","8":"tag-fr","9":"tag-france","10":"tag-rugby","11":"tag-rugby-football","12":"tag-sports"},"share_on_mastodon":{"url":"https:\/\/pubeurope.com\/@fr\/115140030877700859","error":""},"_links":{"self":[{"href":"https:\/\/www.europesays.com\/fr\/wp-json\/wp\/v2\/posts\/363072","targetHints":{"allow":["GET"]}}],"collection":[{"href":"https:\/\/www.europesays.com\/fr\/wp-json\/wp\/v2\/posts"}],"about":[{"href":"https:\/\/www.europesays.com\/fr\/wp-json\/wp\/v2\/types\/post"}],"author":[{"embeddable":true,"href":"https:\/\/www.europesays.com\/fr\/wp-json\/wp\/v2\/users\/2"}],"replies":[{"embeddable":true,"href":"https:\/\/www.europesays.com\/fr\/wp-json\/wp\/v2\/comments?post=363072"}],"version-history":[{"count":0,"href":"https:\/\/www.europesays.com\/fr\/wp-json\/wp\/v2\/posts\/363072\/revisions"}],"wp:featuredmedia":[{"embeddable":true,"href":"https:\/\/www.europesays.com\/fr\/wp-json\/wp\/v2\/media\/363073"}],"wp:attachment":[{"href":"https:\/\/www.europesays.com\/fr\/wp-json\/wp\/v2\/media?parent=363072"}],"wp:term":[{"taxonomy":"category","embeddable":true,"href":"https:\/\/www.europesays.com\/fr\/wp-json\/wp\/v2\/categories?post=363072"},{"taxonomy":"post_tag","embeddable":true,"href":"https:\/\/www.europesays.com\/fr\/wp-json\/wp\/v2\/tags?post=363072"}],"curies":[{"name":"wp","href":"https:\/\/api.w.org\/{rel}","templated":true}]}}