{"id":363074,"date":"2025-09-03T11:03:10","date_gmt":"2025-09-03T11:03:10","guid":{"rendered":"https:\/\/www.europesays.com\/fr\/363074\/"},"modified":"2025-09-03T11:03:10","modified_gmt":"2025-09-03T11:03:10","slug":"venus-williams-et-leylah-fernandez-sarretent-en-double-a-lus-open-battues-par-les-numeros-1-mondiales-en-quarts-de-finale-lequipe","status":"publish","type":"post","link":"https:\/\/www.europesays.com\/fr\/363074\/","title":{"rendered":"Venus Williams et Leylah Fernandez s&#039;arr\u00eatent en double \u00e0 l&#039;US Open, battues par les num\u00e9ros 1 mondiales en quarts de finale &#8211; L&#039;\u00c9quipe"},"content":{"rendered":"<ol>\n<li><a href=\"https:\/\/news.google.com\/rss\/articles\/CBMiggJBVV95cUxNUGFaaDRDTXMyN3FCemt1QmhfYy1TZ01mVWE3ek8zVlBrQmtvSXVlVTlQSFRoTWtnZVRHeFE0dzBwUVVld0lvQ2FqVzhjX2pNckhjOFVuRU5aS0w5ODlEc1QtcE5QT2tza3lBVVJrWlZyQUtGYVJtbi15VFEydnJKZW83UFQwRFQ4d0UxdFNQeGktUVVYSjVwUXhvamd2cldmNmZzdmhwdTVocUhZWExrU2xPVm1wVkVPS3E4OUh0TDhkY2pVRDU4bE9DalU4VlQ0dGJtRzhkWXhGU0l6My04UHBJc2tFeUlYcXFhVmNwN0lNWi11RGNTNWloTk5DOGRqV3c?oc=5\" target=\"_blank\" rel=\"nofollow noopener\">Venus Williams et Leylah Fernandez s&rsquo;arr\u00eatent en double \u00e0 l&rsquo;US Open, battues par les num\u00e9ros 1 mondiales en quarts de finale<\/a>&nbsp;&nbsp;L&rsquo;\u00c9quipe<\/li>\n<li><a href=\"https:\/\/news.google.com\/rss\/articles\/CBMizwFBVV95cUxQalRFTFlkczFWczlMZFI1bGFNY3BTemNzbXMwNXBPdmNHVG55Sl9BMTA3aXNFdWUxU2lSZWhlT0Z1OWZjckJOQzIxOHlpQUhaTzVLdl9oa1ZsZmtpeUpiQUROd3htaXNtSU0yb2x2elg0R1ZTMWtqN2RrTi1BNHktNi1rcGJrWTJNVm1VTk5HcWM1Y01RWWIxSkhpV2ZBT1FDZWR6c0ZDWXBfNzRVWmRpekRyaHNwSWx0WVlWNVY1MmctZ041bTctVF9DbDZpLTQ?oc=5\" target=\"_blank\" rel=\"nofollow noopener\">\u00ab Le tennis fait partie de mon ADN \u00bb\u2026 \u00c0 45 ans, Venus Williams veut continuer<\/a>&nbsp;&nbsp;20 Minutes<\/li>\n<li><a href=\"https:\/\/news.google.com\/rss\/articles\/CBMigAJBVV95cUxPLTFiQXhLTDZUaE1FVGo1RUVIZ0FwZnM0TmQ5MGQwZl9wZGFMYlZKUjgzNExlU0hiQ0VyR1hDMXlhNGtBZlcxbDFsdFZCLVZRbDU2Ylc4SXhQa3plYUJfWjZfdVdxUFB0bGJUSExqbGo5MTNrRHZaWDZPMDZMVHQwMWNoSW56TlpmbmV1TmpZVnZWNDFFUTRFNHlkZkVjb0ktTENiQ2xlODZJOUFCTEFBMzZlWmp2eHc2TVpESXJ0RnpHRUN0QlAwMWp0emlyZkljTlhndk1QcXBBY1I5S2pjTGs0bk05UWNUeGFFU1lNdVJRRTZub0xYSkV0UEJ1Ul8x?oc=5\" target=\"_blank\" rel=\"nofollow noopener\">US Open. La paire Venus Williams &#8211; Leylah Fernandez sortie du tournoi en quart de finale<\/a>&nbsp;&nbsp;Ouest-France<\/li>\n<li><a href=\"https:\/\/news.google.com\/rss\/articles\/CBMi7wFBVV95cUxNbnN6ZkhBNmFDajJUN0NSWEpsSEx1dzNxRU9ua0VLRGRFOU1oVFpncGV5bDBBTXhzaTU1ckFxaDl1M0o0dGFxUmNGdjhrUmFyNU5qdUtycERlU2s0NVVtclZoUHQxUUFDdzFmekd2TEEwNmFYcXZ2Z3lCeGJUN0xCdXI3Yl9XWkFCbGFSQmJUMEtINERxUTB3R2p3d0NobFhUTmphNjFGVUJOdFBRaGlPcEdCU0cxWERQdGEwRjVMcVM4T3NQNVNCMmhGeW9kMUVjSW5YWUJKdHFSdjB2TnlLS1VEdUF2eEJWQmViekJBcw?oc=5\" target=\"_blank\" rel=\"nofollow noopener\">US Open 2025 &#8211; Venus Williams : \u00ab\u00a0S\u2019il y a une occasion de rejouer quelque part cette ann\u00e9e&#8230;\u00a0\u00bb<\/a>&nbsp;&nbsp;Orange Actualit\u00e9s | Sports<\/li>\n<li><a href=\"https:\/\/news.google.com\/rss\/articles\/CBMijwFBVV95cUxPXzRhNVRtVFItVEJrb0FWd2UtZXpQb2NMVXlGNG9Wd0JSZ1NMcjI2cWVSdU5YUXE4RFYySXd2VDB1VW5oY3RxU3VMck04R0xwaGNqWVZ4eGlaeVhPTjFOaXhLcDV4NmlkNGJQcDJabzlfaDRDai16eG1vOFlPUU5VU1hUNUMtSnVaZnZfT1hsbw?oc=5\" target=\"_blank\" rel=\"nofollow noopener\">US Open : Venus Williams d\u00e9fie les ann\u00e9es<\/a>&nbsp;&nbsp;Le Figaro<\/li>\n<\/ol>\n","protected":false},"excerpt":{"rendered":"Venus Williams et Leylah Fernandez s&rsquo;arr\u00eatent en double \u00e0 l&rsquo;US Open, battues par les num\u00e9ros 1 mondiales en&hellip;\n","protected":false},"author":2,"featured_media":363075,"comment_status":"","ping_status":"","sticky":false,"template":"","format":"standard","meta":{"footnotes":""},"categories":[1415],"tags":[1011,27,60,1467],"class_list":{"0":"post-363074","1":"post","2":"type-post","3":"status-publish","4":"format-standard","5":"has-post-thumbnail","7":"category-tennis","8":"tag-fr","9":"tag-france","10":"tag-sports","11":"tag-tennis"},"share_on_mastodon":{"url":"https:\/\/pubeurope.com\/@fr\/115140034732208145","error":""},"_links":{"self":[{"href":"https:\/\/www.europesays.com\/fr\/wp-json\/wp\/v2\/posts\/363074","targetHints":{"allow":["GET"]}}],"collection":[{"href":"https:\/\/www.europesays.com\/fr\/wp-json\/wp\/v2\/posts"}],"about":[{"href":"https:\/\/www.europesays.com\/fr\/wp-json\/wp\/v2\/types\/post"}],"author":[{"embeddable":true,"href":"https:\/\/www.europesays.com\/fr\/wp-json\/wp\/v2\/users\/2"}],"replies":[{"embeddable":true,"href":"https:\/\/www.europesays.com\/fr\/wp-json\/wp\/v2\/comments?post=363074"}],"version-history":[{"count":0,"href":"https:\/\/www.europesays.com\/fr\/wp-json\/wp\/v2\/posts\/363074\/revisions"}],"wp:featuredmedia":[{"embeddable":true,"href":"https:\/\/www.europesays.com\/fr\/wp-json\/wp\/v2\/media\/363075"}],"wp:attachment":[{"href":"https:\/\/www.europesays.com\/fr\/wp-json\/wp\/v2\/media?parent=363074"}],"wp:term":[{"taxonomy":"category","embeddable":true,"href":"https:\/\/www.europesays.com\/fr\/wp-json\/wp\/v2\/categories?post=363074"},{"taxonomy":"post_tag","embeddable":true,"href":"https:\/\/www.europesays.com\/fr\/wp-json\/wp\/v2\/tags?post=363074"}],"curies":[{"name":"wp","href":"https:\/\/api.w.org\/{rel}","templated":true}]}}