{"id":363076,"date":"2025-09-03T11:05:10","date_gmt":"2025-09-03T11:05:10","guid":{"rendered":"https:\/\/www.europesays.com\/fr\/363076\/"},"modified":"2025-09-03T11:05:10","modified_gmt":"2025-09-03T11:05:10","slug":"bagnaia-veut-confirmer-ses-progres-a-barcelone","status":"publish","type":"post","link":"https:\/\/www.europesays.com\/fr\/363076\/","title":{"rendered":"Bagnaia veut confirmer ses progr\u00e8s \u00e0 Barcelone"},"content":{"rendered":"<p>&#13;<\/p>\n<p><strong>L&rsquo;Italien arrive \u00e0 Barcelone avec la volont\u00e9 de confirmer les progr\u00e8s entrevus en Hongrie.<\/strong><\/p>\n<p>Ravi des ajustements apport\u00e9s \u00e0 sa GP25 en Hongrie, Francesco Bagnaia d\u00e9barque en Catalogne avec de meilleures sensations et l\u2019envie de faire table rase de ses r\u00e9sultats pass\u00e9s. <\/p>\n<p>Le week-end hongrois a \u00e9t\u00e9 l\u2019un des plus difficiles de la saison pour l&rsquo;Italien, mais les changements r\u00e9alis\u00e9s apr\u00e8s les qualifications lui ont apparemment permis de retrouver de la confiance. \u00ab Par rapport \u00e0 Balaton, si on regarde les positions, c\u2019\u00e9tait clairement l\u2019un des week-ends les plus compliqu\u00e9s de l\u2019ann\u00e9e, souligne Pecco. Apr\u00e8s la qualif&rsquo;, on a d\u00e9cid\u00e9 de faire des changements tr\u00e8s importants sur la moto et j\u2019ai retrouv\u00e9 de bonnes sensations, surtout pendant la course du dimanche. On continue dans cette direction, en travaillant pour confirmer ces sensations aussi sur ce trac\u00e9. \u00bb<\/p>\n<p>Troisi\u00e8me du championnat avec 228 points, le pilote Ducati entend bien renouer avec le podium sur un circuit o\u00f9 il a gagn\u00e9 les deux courses l&rsquo;an dernier.<\/p>\n<p>&#13;<br \/>\n           &#13;<br \/>\n&#13;<br \/>\n    &#13;<br \/>\n    &#13;<\/p>\n","protected":false},"excerpt":{"rendered":"&#13; L&rsquo;Italien arrive \u00e0 Barcelone avec la volont\u00e9 de confirmer les progr\u00e8s entrevus en Hongrie. Ravi des ajustements&hellip;\n","protected":false},"author":2,"featured_media":363077,"comment_status":"","ping_status":"","sticky":false,"template":"","format":"standard","meta":{"footnotes":""},"categories":[1413],"tags":[1011,27,1457,1456,60],"class_list":{"0":"post-363076","1":"post","2":"type-post","3":"status-publish","4":"format-standard","5":"has-post-thumbnail","7":"category-moto","8":"tag-fr","9":"tag-france","10":"tag-moto","11":"tag-motocycle","12":"tag-sports"},"share_on_mastodon":{"url":"https:\/\/pubeurope.com\/@fr\/115140042639930577","error":""},"_links":{"self":[{"href":"https:\/\/www.europesays.com\/fr\/wp-json\/wp\/v2\/posts\/363076","targetHints":{"allow":["GET"]}}],"collection":[{"href":"https:\/\/www.europesays.com\/fr\/wp-json\/wp\/v2\/posts"}],"about":[{"href":"https:\/\/www.europesays.com\/fr\/wp-json\/wp\/v2\/types\/post"}],"author":[{"embeddable":true,"href":"https:\/\/www.europesays.com\/fr\/wp-json\/wp\/v2\/users\/2"}],"replies":[{"embeddable":true,"href":"https:\/\/www.europesays.com\/fr\/wp-json\/wp\/v2\/comments?post=363076"}],"version-history":[{"count":0,"href":"https:\/\/www.europesays.com\/fr\/wp-json\/wp\/v2\/posts\/363076\/revisions"}],"wp:featuredmedia":[{"embeddable":true,"href":"https:\/\/www.europesays.com\/fr\/wp-json\/wp\/v2\/media\/363077"}],"wp:attachment":[{"href":"https:\/\/www.europesays.com\/fr\/wp-json\/wp\/v2\/media?parent=363076"}],"wp:term":[{"taxonomy":"category","embeddable":true,"href":"https:\/\/www.europesays.com\/fr\/wp-json\/wp\/v2\/categories?post=363076"},{"taxonomy":"post_tag","embeddable":true,"href":"https:\/\/www.europesays.com\/fr\/wp-json\/wp\/v2\/tags?post=363076"}],"curies":[{"name":"wp","href":"https:\/\/api.w.org\/{rel}","templated":true}]}}