{"id":363082,"date":"2025-09-03T11:08:10","date_gmt":"2025-09-03T11:08:10","guid":{"rendered":"https:\/\/www.europesays.com\/fr\/363082\/"},"modified":"2025-09-03T11:08:10","modified_gmt":"2025-09-03T11:08:10","slug":"lamine-yamal-attaque-un-malaise-eclate","status":"publish","type":"post","link":"https:\/\/www.europesays.com\/fr\/363082\/","title":{"rendered":"Lamine Yamal attaqu\u00e9, un malaise \u00e9clate !"},"content":{"rendered":"<p>                    Dan Marciano<br \/>\n                        &#8211;<\/p>\n<p>R\u00e9dacteur<\/p>\n<p>Titulaire d&rsquo;un Master de droit international, je me suis rendu compte au bout de mon parcours universitaire qu&rsquo;il \u00e9tait important d&rsquo;\u00e9voluer dans un domaine que l&rsquo;on appr\u00e9cie. Du jour au lendemain, j&rsquo;ai d\u00e9cid\u00e9 de mettre fin au r\u00eave de mes parents, qui voyaient en moi un futur avocat, pour vivre de ma passion : le sport. Depuis, je couvre les mercatos et l&rsquo;actualit\u00e9 sportive en essayant d&rsquo;informer au mieux les lecteurs.<\/p>\n<p class=\"heading\">Dimanche soir, le FC Barcelone a \u00e9t\u00e9 tenu en \u00e9chec sur la pelouse du Rayo Vallecano (1-1), dans des conditions de jeu compliqu\u00e9es. Si Hansi Flick a point\u00e9 du doigt l\u2019attitude de ses joueurs, notamment un exc\u00e8s d\u2019ego, Lamine Yamal, jeune prodige du club, n\u2019a pas tard\u00e9 \u00e0 r\u00e9pondre avec fermet\u00e9.<\/p>\n<p>Sur la pelouse tr\u00e8s d\u00e9grad\u00e9e du <strong>Rayo Vallecan<\/strong>o et en l\u2019absence de VAR, le <a href=\"https:\/\/le10sport.com\/football\/espagne\/real-madrid\/mbappe-yamal-une-bagarre-est-annoncee-en-espagne-756563\" rel=\"nofollow noopener\" target=\"_blank\">Bar\u00e7a <\/a>a conc\u00e9d\u00e9 un match nul frustrant (1-1), incapable de ma\u00eetriser totalement son adversaire. Malgr\u00e9 l&rsquo;\u00e9galisation de<a href=\"https:\/\/le10sport.com\/football\/ligue1\/psg\/lamine-yamal-le-mensonge-denonce-face-a-dembele-756611\" rel=\"nofollow noopener\" target=\"_blank\"> Lamine Yamal<\/a>, les Blaugranas n\u2019ont pas montr\u00e9 le visage d\u2019une \u00e9quipe dominatrice. Un r\u00e9sultat qui ne passe pas pour l\u2019entra\u00eeneur <strong>Hansi Flick<\/strong>, qui a fustig\u00e9 le manque d\u2019esprit collectif de ses joueurs. <\/p>\n<p>                                            Flick taille son vestiaire<\/p>\n<p>\u00ab\u00a0L\u2019an dernier, nous avons jou\u00e9 et travaill\u00e9 en \u00e9quipe, et l\u2019essentiel, c\u2019est qu\u2019il n\u2019y ait pas d\u2019ego, car cela tue le succ\u00e8s collectif. J\u2019ai parl\u00e9 de ce qui s\u2019est pass\u00e9 aujourd\u2019hui avec les joueurs, car la plupart vont rejoindre leurs s\u00e9lections nationales. Et il fallait le dire \u00bb a d\u00e9plor\u00e9 le coach du <strong>Bar\u00e7a<\/strong> apr\u00e8s la rencontre. La r\u00e9ponse ne s&rsquo;est pas faite attendre.<\/p>\n<p>                                            \u00ab\u00a0Je ne pense pas que cela ait quoi que ce soit \u00e0 voir avec les \u00e9gos\u00a0\u00bb<\/p>\n<p>Lors d&rsquo;un entretien accord\u00e9 \u00e0 la TVE, l&rsquo;international espagnol a r\u00e9pondu avec fermet\u00e9 \u00e0 son entra\u00eeneur. \u00ab\u00a0Chacun pense ce qu\u2019il veut. Apr\u00e8s un match nul, on est en col\u00e8re, au final, il faut gagner, mais je ne pense pas que cela ait quoi que ce soit \u00e0 voir (avec les \u00e9gos). Nous avons obtenu sept points sur neuf dans des stades tr\u00e8s difficiles, ce que les gens ne prennent pas en compte. Nous n\u2019avons pas encore jou\u00e9 chez nous, seulement \u00e0 l\u2019ext\u00e9rieur. Je ne pense pas que cela ait quoi que ce soit \u00e0 voir avec \u00e7a, c\u2019est simplement que ce n\u2019\u00e9tait pas notre match, nous n\u2019avons pas commenc\u00e9 avec la m\u00eame intensit\u00e9 que celle avec laquelle nous avons termin\u00e9. Vous avez raison, nous avons commis beaucoup d\u2019erreurs, mais cela peut arriver. Il faut retrouver notre niveau le plus vite possible et \u00eatre pr\u00eats pour le prochain match\u00a0\u00bb a d\u00e9clar\u00e9 <strong>Yamal.<\/strong><\/p>\n","protected":false},"excerpt":{"rendered":"Dan Marciano &#8211; R\u00e9dacteur Titulaire d&rsquo;un Master de droit international, je me suis rendu compte au bout de&hellip;\n","protected":false},"author":2,"featured_media":363083,"comment_status":"","ping_status":"","sticky":false,"template":"","format":"standard","meta":{"footnotes":""},"categories":[1410],"tags":[63,1011,27,60],"class_list":{"0":"post-363082","1":"post","2":"type-post","3":"status-publish","4":"format-standard","5":"has-post-thumbnail","7":"category-football","8":"tag-football","9":"tag-fr","10":"tag-france","11":"tag-sports"},"share_on_mastodon":{"url":"https:\/\/pubeurope.com\/@fr\/115140054401528534","error":""},"_links":{"self":[{"href":"https:\/\/www.europesays.com\/fr\/wp-json\/wp\/v2\/posts\/363082","targetHints":{"allow":["GET"]}}],"collection":[{"href":"https:\/\/www.europesays.com\/fr\/wp-json\/wp\/v2\/posts"}],"about":[{"href":"https:\/\/www.europesays.com\/fr\/wp-json\/wp\/v2\/types\/post"}],"author":[{"embeddable":true,"href":"https:\/\/www.europesays.com\/fr\/wp-json\/wp\/v2\/users\/2"}],"replies":[{"embeddable":true,"href":"https:\/\/www.europesays.com\/fr\/wp-json\/wp\/v2\/comments?post=363082"}],"version-history":[{"count":0,"href":"https:\/\/www.europesays.com\/fr\/wp-json\/wp\/v2\/posts\/363082\/revisions"}],"wp:featuredmedia":[{"embeddable":true,"href":"https:\/\/www.europesays.com\/fr\/wp-json\/wp\/v2\/media\/363083"}],"wp:attachment":[{"href":"https:\/\/www.europesays.com\/fr\/wp-json\/wp\/v2\/media?parent=363082"}],"wp:term":[{"taxonomy":"category","embeddable":true,"href":"https:\/\/www.europesays.com\/fr\/wp-json\/wp\/v2\/categories?post=363082"},{"taxonomy":"post_tag","embeddable":true,"href":"https:\/\/www.europesays.com\/fr\/wp-json\/wp\/v2\/tags?post=363082"}],"curies":[{"name":"wp","href":"https:\/\/api.w.org\/{rel}","templated":true}]}}