{"id":363084,"date":"2025-09-03T11:09:11","date_gmt":"2025-09-03T11:09:11","guid":{"rendered":"https:\/\/www.europesays.com\/fr\/363084\/"},"modified":"2025-09-03T11:09:11","modified_gmt":"2025-09-03T11:09:11","slug":"the-voice-of-hind-rajab-le-choc-annonce-de-la-mostra-de-venise-actualites","status":"publish","type":"post","link":"https:\/\/www.europesays.com\/fr\/363084\/","title":{"rendered":"\u00ab\u00a0The Voice of Hind Rajab\u00a0\u00bb: le choc annonc\u00e9 de la Mostra de Venise : Actualit\u00e9s"},"content":{"rendered":"<p class=\"lead \">C&rsquo;est le film le plus attendu de la Mostra: \u00ab\u00a0The Voice of Hind Rajab\u00a0\u00bb, sur une fillette palestinienne tu\u00e9e \u00e0 Gaza en janvier 2024 par l&rsquo;arm\u00e9e isra\u00e9lienne, est pr\u00e9sent\u00e9 mercredi aux festivaliers et s&rsquo;annonce d\u00e9j\u00e0 comme un choc.<\/p>\n<p class=\"lead \">Les enregistrements de l&rsquo;appel de Hind Rajab aux secours avaient suscit\u00e9 une \u00e9motion internationale et sont au c\u0153ur du film de Kaouther Ben Hania, d\u00e9j\u00e0 remarqu\u00e9e avec \u00ab\u00a0Les filles d&rsquo;Olfa\u00a0\u00bb.<\/p>\n<p class=\"lead \">En lice pour le Lion d&rsquo;or, le film va conforter la dimension politique de la 82e Mostra, marqu\u00e9e par une manifestation de plusieurs milliers de personnes samedi pour exhorter le festival \u00e0 prendre clairement position contre les actions d&rsquo;Isra\u00ebl dans la bande de Gaza, d\u00e9vast\u00e9e par la guerre d\u00e9clench\u00e9e le 7 octobre 2023 par l&rsquo;attaque sans pr\u00e9c\u00e9dent du Hamas sur le sol isra\u00e9lien.<\/p>\n<p class=\"lead \">Le directeur de la Mostra, Alberto Barbera, esp\u00e8re ne pas susciter de pol\u00e9mique avec le film mais a pr\u00e9venu, tr\u00e8s \u00e9mu en juillet, qu&rsquo;il aurait \u00ab\u00a0un fort impact sur le public\u00a0\u00bb.<\/p>\n<p class=\"lead \">Ag\u00e9e de 5 ans, Hind Rajab a \u00e9t\u00e9 retrouv\u00e9e morte \u00e0 l&rsquo;int\u00e9rieur d&rsquo;une voiture cribl\u00e9e de balles dans la ville de Gaza, plusieurs jours apr\u00e8s avoir pass\u00e9 des heures au t\u00e9l\u00e9phone, le 29 janvier 2024, avec le Croissant-Rouge palestinien, alors que le v\u00e9hicule dans lequel elle voyageait avec des membres de sa famille avait \u00e9t\u00e9 vis\u00e9 par des soldats isra\u00e9liens.<\/p>\n<p class=\"lead \">La r\u00e9alisatrice a racont\u00e9 sur Instagram qu&rsquo;elle avait entendu presque par hasard les extraits des appels \u00e0 l&rsquo;aide d&rsquo;Hind Rajab et contact\u00e9 le Croissant-Rouge.<\/p>\n<p class=\"lead \">\u00ab\u00a0J&rsquo;ai longuement parl\u00e9 avec la m\u00e8re de Hind, avec les personnes qui \u00e9taient [avec elle] \u00e0 l&rsquo;autre bout du fil, ceux qui ont essay\u00e9 de l&rsquo;aider. J&rsquo;ai \u00e9cout\u00e9, j&rsquo;ai pleur\u00e9, j&rsquo;ai \u00e9crit\u00a0\u00bb, a ajout\u00e9 la Franco-Tunisienne de 48 ans, qui a obtenu le consentement de la famille.<\/p>\n<p class=\"lead \">&#8211; Soutien hollywoodien &#8211;<\/p>\n<p class=\"lead \">Le film de 1H30 se d\u00e9roule dans le centre d&rsquo;appel du Croissant-Rouge, sous tension entre volont\u00e9 de secourir la fillette et n\u00e9cessit\u00e9 de respecter les protocoles d&rsquo;urgence et ne pas mettre en danger les sauveteurs. <\/p>\n<p class=\"lead \">La r\u00e9alisatrice, qui aime brouiller les fronti\u00e8res entre r\u00e9el et fiction, utilise les v\u00e9ritables appels d&rsquo;Hind mais fait rejouer les sc\u00e8nes dans le centre d&rsquo;appel par des acteurs, tous palestiniens.<\/p>\n<p class=\"lead \">\u00ab\u00a0The Voice of Hind Rajab\u00a0\u00bb b\u00e9n\u00e9ficie d\u00e9j\u00e0 de soutiens de poids et compte les acteurs Brad Pitt, Joaquin Phoenix, Rooney Mara, et les r\u00e9alisateurs Alfonso Cuaron, Jonathan Glazer comme producteurs ex\u00e9cutifs. \u00ab\u00a0Ils ont vu le film et ont \u00e9t\u00e9 impressionn\u00e9s\u00a0\u00bb, a confirm\u00e9 l&rsquo;\u00e9quipe de presse du film \u00e0 l&rsquo;AFP.<\/p>\n<p class=\"lead \">Jointe par t\u00e9l\u00e9phone \u00e0 Gaza-ville, la m\u00e8re d&rsquo;Hind Rajab, Wissam Hamada, esp\u00e8re de son c\u00f4t\u00e9 que \u00ab\u00a0ce film contribuera \u00e0 arr\u00eater cette guerre destructrice et \u00e0 sauver les autres enfants de Gaza\u00a0\u00bb, a-t-elle d\u00e9clar\u00e9 \u00e0 l&rsquo;AFP.<\/p>\n<p class=\"lead \">\u00ab\u00a0Hind n&rsquo;est qu&rsquo;un cas parmi des milliers. Pourquoi le monde n&rsquo;a-t-il pas agi pour sauver les autres parents et les autres enfants?\u00a0\u00bb demande la femme de 29 ans, qui vit avec son fils de 5 ans et dont le mari est mort il y a un an.<\/p>\n<p class=\"lead \">Interrog\u00e9e par l&rsquo;AFP, l&rsquo;arm\u00e9e isra\u00e9lienne, qui n&rsquo;a jamais annonc\u00e9 une enqu\u00eate formelle sur ce drame, a indiqu\u00e9, sans plus de d\u00e9tails, que les circonstances de la mort de la fillette \u00e9taient encore \u00ab\u00a0en train d&rsquo;\u00eatre examin\u00e9es\u00a0\u00bb.<\/p>\n<p class=\"lead \">Apr\u00e8s Venise mercredi, le film sera pr\u00e9sent\u00e9 aux festivals de Toronto, Londres, Saint-S\u00e9bastien et Busan. Son nom est d\u00e9j\u00e0 \u00e9voqu\u00e9 pour les Oscars.<\/p>\n<p class=\"lead \">L&rsquo;attaque du 7-Octobre a entra\u00een\u00e9 la mort de 1.219 personnes c\u00f4t\u00e9 isra\u00e9lien, en majorit\u00e9 des civils, selon un d\u00e9compte de l&rsquo;AFP bas\u00e9 sur des donn\u00e9es officielles. Sur les 251 personnes enlev\u00e9es ce jour-l\u00e0, 47 restent retenues \u00e0 Gaza dont 25 ont \u00e9t\u00e9 d\u00e9clar\u00e9es mortes par l&rsquo;arm\u00e9e isra\u00e9lienne.<\/p>\n<p class=\"lead \">La campagne de repr\u00e9sailles isra\u00e9liennes a fait au moins 63.633 morts dans la bande de Gaza, en majorit\u00e9 des civils, selon le minist\u00e8re de la Sant\u00e9 de Gaza, plac\u00e9 sous l&rsquo;autorit\u00e9 du Hamas. Le minist\u00e8re, dont les chiffres sont jug\u00e9s fiables par l&rsquo;ONU, ne pr\u00e9cise pas le nombre de combattants tu\u00e9s.<\/p>\n<p class=\"small font-weight-bold text-gray3 \"> publi\u00e9 le 3 septembre \u00e0 11h30, AFP<\/p>\n<p>                             Partager<\/p>\n","protected":false},"excerpt":{"rendered":"C&rsquo;est le film le plus attendu de la Mostra: \u00ab\u00a0The Voice of Hind Rajab\u00a0\u00bb, sur une fillette palestinienne&hellip;\n","protected":false},"author":2,"featured_media":363085,"comment_status":"","ping_status":"","sticky":false,"template":"","format":"standard","meta":{"footnotes":""},"categories":[1359],"tags":[1971,1972,2120,58,59,849,1011,27,3819,452,7621,973,2028],"class_list":{"0":"post-363084","1":"post","2":"type-post","3":"status-publish","4":"format-standard","5":"has-post-thumbnail","7":"category-people","8":"tag-clbrits","9":"tag-cinma","10":"tag-conflit","11":"tag-divertissement","12":"tag-entertainment","13":"tag-festival","14":"tag-fr","15":"tag-france","16":"tag-isral","17":"tag-italie","18":"tag-palestiniens","19":"tag-people","20":"tag-tunisie"},"share_on_mastodon":{"url":"https:\/\/pubeurope.com\/@fr\/115140058370193945","error":""},"_links":{"self":[{"href":"https:\/\/www.europesays.com\/fr\/wp-json\/wp\/v2\/posts\/363084","targetHints":{"allow":["GET"]}}],"collection":[{"href":"https:\/\/www.europesays.com\/fr\/wp-json\/wp\/v2\/posts"}],"about":[{"href":"https:\/\/www.europesays.com\/fr\/wp-json\/wp\/v2\/types\/post"}],"author":[{"embeddable":true,"href":"https:\/\/www.europesays.com\/fr\/wp-json\/wp\/v2\/users\/2"}],"replies":[{"embeddable":true,"href":"https:\/\/www.europesays.com\/fr\/wp-json\/wp\/v2\/comments?post=363084"}],"version-history":[{"count":0,"href":"https:\/\/www.europesays.com\/fr\/wp-json\/wp\/v2\/posts\/363084\/revisions"}],"wp:featuredmedia":[{"embeddable":true,"href":"https:\/\/www.europesays.com\/fr\/wp-json\/wp\/v2\/media\/363085"}],"wp:attachment":[{"href":"https:\/\/www.europesays.com\/fr\/wp-json\/wp\/v2\/media?parent=363084"}],"wp:term":[{"taxonomy":"category","embeddable":true,"href":"https:\/\/www.europesays.com\/fr\/wp-json\/wp\/v2\/categories?post=363084"},{"taxonomy":"post_tag","embeddable":true,"href":"https:\/\/www.europesays.com\/fr\/wp-json\/wp\/v2\/tags?post=363084"}],"curies":[{"name":"wp","href":"https:\/\/api.w.org\/{rel}","templated":true}]}}