{"id":363086,"date":"2025-09-03T11:10:10","date_gmt":"2025-09-03T11:10:10","guid":{"rendered":"https:\/\/www.europesays.com\/fr\/363086\/"},"modified":"2025-09-03T11:10:10","modified_gmt":"2025-09-03T11:10:10","slug":"a-amsterdam-le-musee-van-gogh-en-detresse-un-symptome-de-plus-dun-modele-museal-malade-telerama","status":"publish","type":"post","link":"https:\/\/www.europesays.com\/fr\/363086\/","title":{"rendered":"\u00c0 Amsterdam, le mus\u00e9e Van-Gogh en d\u00e9tresse : un sympt\u00f4me de plus d\u2019un mod\u00e8le mus\u00e9al malade &#8211; T\u00e9l\u00e9rama"},"content":{"rendered":"<ol>\n<li><a href=\"https:\/\/news.google.com\/rss\/articles\/CBMi1wFBVV95cUxOMDhUUzhkZVVHeEl3cVNCY3JwNjltN3YzdGNsSk5OV0FXMjVkMEt0b1N6cE8yTW1PbkNVUnpRYkhyMy11QkxBbk1jQWUxMEZhUVZwZ1RSd1hjbzNpdGZWSVpXMk1QWTZXQ0piLXNvVXV5TjNUalRWa0hpZENSdEsxZDNMcTEzZU13MlI0SklpU0ZJRnNlRWNzM0lfbUxMcGhWaWYxQjNKYmdLZThURFBHaWhnTGRmbkpFcldvamZjaklzemZ2dlZTblVQSkVsbnN6SHI0MVFpVQ?oc=5\" target=\"_blank\" rel=\"nofollow noopener\">\u00c0 Amsterdam, le mus\u00e9e Van-Gogh en d\u00e9tresse : un sympt\u00f4me de plus d\u2019un mod\u00e8le mus\u00e9al malade<\/a>&nbsp;&nbsp;T\u00e9l\u00e9rama<\/li>\n<li><a href=\"https:\/\/news.google.com\/rss\/articles\/CBMi6AFBVV95cUxNbHI5Vk1TOE9SMGp5QVRyWkJuaGlYeFVhV20yTGI4Qm0yQXpsQld5Snk0cGFkNEMyVlI4aFN5MEhodWhzR2xzTk1nSVY0V2xQNWxpNzRxdVZuNjdBcFhkSzg0RWV0ZWZMT1JDRWM1RnpPOE5BY2s3aUpiajNsQmNCeENYUjU1NU1DZWtfVk1reFFXSWVmS3VzMG00b2NyZzBaQlNkTTBiU0dBQlp4WGhSSzRvTmdSYm1RTjctZHlKc2JBSmlyeTNfV2xXaHo0c05PWElHZmFlbGtZSFhOcm5NUC1HQmNkaEx0?oc=5\" target=\"_blank\" rel=\"nofollow noopener\">Le mus\u00e9e Van Gogh d&rsquo;Amsterdam se dit menac\u00e9 de fermeture s&rsquo;il ne re\u00e7oit pas plus de subventions<\/a>&nbsp;&nbsp;France Info<\/li>\n<li><a href=\"https:\/\/news.google.com\/rss\/articles\/CBMizgFBVV95cUxQaVhKeTU2dUhVVHpxbTJaQ1RlWnNuNmJ3cy1zVDhfZllIVVMwcnRkRWhFWDFKRkNBSlZpcGI1bkhGRzBVVGlBU1RMYlAtOUo5WHZCRlhpM285WUQxSXJiN1B3alVkWE04LTc4WE5lZUkzUUxuTVRQUnI2SDF0eERfbFZMd09QNTdjY2ZITEs1bEFNX3pscmRUZnFoX3JyUXhoWVc5WVZ3Z2I0Vm81RExzZVhyRFdqanNQS29xNjU4akxkMHdwaVE3MWZqdXpHQQ?oc=5\" target=\"_blank\" rel=\"nofollow noopener\">Pourquoi le mus\u00e9e Van Gogh d&rsquo;Amsterdam annonce-t-il sa fermeture ?<\/a>&nbsp;&nbsp;Euronews.com<\/li>\n<li><a href=\"https:\/\/news.google.com\/rss\/articles\/CBMi0AFBVV95cUxQMnJXQXh5RnZUVDd2M09SSl9NOUx6WFJJbURzamp6aDJnMGhtbFpxT2lNalo0bk5YN25iaHFNekhKeFdVQWFuNTBnOEZWV3NXVG80R01fdUdEMUh0TjMyOHY1SE5NZzQwNVRhRm80VTBhTldQajlIM0J4TmhlQm5xSmk5Mk1STFVVVHZVY0hxRFJHM0thWjd3YkJ4d0VfYTJFRFc2blQ5V3lQeWJ4UElKRHUyQm1Id1FBMU9qTjljZUtJTnE4RWU4NUxhdkFCaGNa?oc=5\" target=\"_blank\" rel=\"nofollow noopener\">Bras de fer au mus\u00e9e Van Gogh \u00e0 Amsterdam : qui paiera pour les r\u00e9parations ?<\/a>&nbsp;&nbsp;Courrier international<\/li>\n<li><a href=\"https:\/\/news.google.com\/rss\/articles\/CBMivgFBVV95cUxOcTRMcnJKT0d5U3B1Yi1uaDY2TTctbkpGRkhZdEdXLTJTYnlvdl9sNno3b0J5Z0NOcXQyRklkTDlGbHlNWjdnWTljMWRvWWxVX0RoQ1BsUEZPbVZpN0tzc1dCZnhnVVBUazZLQmZ2cUtMZkVSZU01a0YyWUM1VS1ldV90cHJzbnVwM18xanJDQ0FjM0Y4X1FGU3BXYkowSnl5REJSTWQ4djFVWFJIdkhlTHRob1RmcW9UcXhNdnVR?oc=5\" target=\"_blank\" rel=\"nofollow noopener\">Craignant de devoir \u00ab fermer \u00bb, le mus\u00e9e Van Gogh d\u2019Amsterdam lance l\u2019alerte<\/a>&nbsp;&nbsp;20 Minutes<\/li>\n<\/ol>\n","protected":false},"excerpt":{"rendered":"\u00c0 Amsterdam, le mus\u00e9e Van-Gogh en d\u00e9tresse : un sympt\u00f4me de plus d\u2019un mod\u00e8le mus\u00e9al malade&nbsp;&nbsp;T\u00e9l\u00e9rama Le mus\u00e9e&hellip;\n","protected":false},"author":2,"featured_media":363087,"comment_status":"","ping_status":"","sticky":false,"template":"","format":"standard","meta":{"footnotes":""},"categories":[1358],"tags":[1348,1384,1385,1386,58,59,1011,27],"class_list":{"0":"post-363086","1":"post","2":"type-post","3":"status-publish","4":"format-standard","5":"has-post-thumbnail","7":"category-arts-et-design","8":"tag-arts","9":"tag-arts-and-design","10":"tag-arts-et-design","11":"tag-design","12":"tag-divertissement","13":"tag-entertainment","14":"tag-fr","15":"tag-france"},"share_on_mastodon":{"url":"https:\/\/pubeurope.com\/@fr\/115140062327466347","error":""},"_links":{"self":[{"href":"https:\/\/www.europesays.com\/fr\/wp-json\/wp\/v2\/posts\/363086","targetHints":{"allow":["GET"]}}],"collection":[{"href":"https:\/\/www.europesays.com\/fr\/wp-json\/wp\/v2\/posts"}],"about":[{"href":"https:\/\/www.europesays.com\/fr\/wp-json\/wp\/v2\/types\/post"}],"author":[{"embeddable":true,"href":"https:\/\/www.europesays.com\/fr\/wp-json\/wp\/v2\/users\/2"}],"replies":[{"embeddable":true,"href":"https:\/\/www.europesays.com\/fr\/wp-json\/wp\/v2\/comments?post=363086"}],"version-history":[{"count":0,"href":"https:\/\/www.europesays.com\/fr\/wp-json\/wp\/v2\/posts\/363086\/revisions"}],"wp:featuredmedia":[{"embeddable":true,"href":"https:\/\/www.europesays.com\/fr\/wp-json\/wp\/v2\/media\/363087"}],"wp:attachment":[{"href":"https:\/\/www.europesays.com\/fr\/wp-json\/wp\/v2\/media?parent=363086"}],"wp:term":[{"taxonomy":"category","embeddable":true,"href":"https:\/\/www.europesays.com\/fr\/wp-json\/wp\/v2\/categories?post=363086"},{"taxonomy":"post_tag","embeddable":true,"href":"https:\/\/www.europesays.com\/fr\/wp-json\/wp\/v2\/tags?post=363086"}],"curies":[{"name":"wp","href":"https:\/\/api.w.org\/{rel}","templated":true}]}}