{"id":363088,"date":"2025-09-03T11:11:11","date_gmt":"2025-09-03T11:11:11","guid":{"rendered":"https:\/\/www.europesays.com\/fr\/363088\/"},"modified":"2025-09-03T11:11:11","modified_gmt":"2025-09-03T11:11:11","slug":"le-livre-dor-du-football-2025","status":"publish","type":"post","link":"https:\/\/www.europesays.com\/fr\/363088\/","title":{"rendered":"Le Livre d\u2019or du football 2025"},"content":{"rendered":"<p>Que vous soyez d\u00e9j\u00e0 collectionneur de la s\u00e9rie ou que vous vous d\u00e9cidez enfin \u00e0 la d\u00e9couvrir, ce nouvel opus du Livre d\u2019Or du football doit imp\u00e9rativement tomber entre vos mains. Pourquoi\u00a0? Tout simplement parce l\u2019ann\u00e9e 2025 a \u00e9t\u00e9 marqu\u00e9e par un \u00e9v\u00e9nement historique\u00a0: le PSG a (enfin) remport\u00e9 sa premi\u00e8re Ligue des Champions\u00a0!<\/p>\n<p>Le tout apr\u00e8s un parcours \u00e9pique sur la sc\u00e8ne europ\u00e9enne, ponctu\u00e9 par une finale inoubliable face \u00e0 l\u2019Inter Milan. L\u2019\u00e9pilogue d\u2019une saison conjugu\u00e9e au presque parfait par les Parisiens. Une \u00e9quipe sans superstars, mais guid\u00e9e par Luis Enrique et un ph\u00e9nom\u00e9nal Ousmane Demb\u00e9l\u00e9.<\/p>\n<p>Une large place est \u00e9videmment accord\u00e9e \u00e0 ce sacre, mais il est aussi question de la Ligue 1 o\u00f9 Marseille, en terminant \u00e0 la deuxi\u00e8me place a oblit\u00e9r\u00e9 son billet pour la Ligue des Champions et \u00e9galement de Ligue 2 avec l\u2019autre club de la capitale, le Paris FC, qui a brill\u00e9 derri\u00e8re une irr\u00e9sistible formation lorientaise.<\/p>\n<p>Des tops, des flops, des stats, des photos&#8230;<\/p>\n<p>La Coupe de France est \u00e0 l\u2019honneur, bien entendu, tout comme la Premi\u00e8re Ligue et la Ligue des Champions f\u00e9minine avec la saison contrast\u00e9e des Lyonnaises.<\/p>\n<p>G\u00e9rard Ejn\u00e8s, l\u2019ancien r\u00e9dacteur en chef de L\u2019Equipe de France Football pose son regard de sp\u00e9cialiste et de passionn\u00e9 sur cette saison agit\u00e9e pour l\u2019\u00e9quipe de France de Didier Deschamps, sur la Coupe du monde des clubs, la Ligue Europa, la Ligue Conf\u00e9rence ainsi que les principaux championnats \u00e9trangers.<\/p>\n<p>Sans oublier, un hommage au grand Stade de Reims, premi\u00e8re \u00e9quipe fran\u00e7aise a avoir disput\u00e9 une finale de Coupe d\u2019Europe, les tops et les flops de la saison ainsi que les r\u00e9sultats complets. Autrement dit, comment envisager de se passer ce cette nouvelle \u00e9dition du Livre d\u2019Or, toujours aussi richement illustr\u00e9e gr\u00e2ce aux photos des reporters de L\u2019Equipe.<\/p>\n<p>Le Livre d&rsquo;Or du football 2025 de G\u00e9rard Ejn\u00e8s, <a href=\"https:\/\/www.facebook.com\/SolarEditions\" target=\"_blank\" rel=\"nofollow noopener\">Solar Edions<\/a>, 160 pages, 24,90 euros<\/p>\n","protected":false},"excerpt":{"rendered":"Que vous soyez d\u00e9j\u00e0 collectionneur de la s\u00e9rie ou que vous vous d\u00e9cidez enfin \u00e0 la d\u00e9couvrir, ce&hellip;\n","protected":false},"author":2,"featured_media":363089,"comment_status":"","ping_status":"","sticky":false,"template":"","format":"standard","meta":{"footnotes":""},"categories":[1357],"tags":[1379,58,59,107,1701,63,1011,27,329,1380,2410,517,1947],"class_list":{"0":"post-363088","1":"post","2":"type-post","3":"status-publish","4":"format-standard","5":"has-post-thumbnail","7":"category-livres","8":"tag-books","9":"tag-divertissement","10":"tag-entertainment","11":"tag-fil-info","12":"tag-fil-info-sport","13":"tag-football","14":"tag-fr","15":"tag-france","16":"tag-france-monde","17":"tag-livres","18":"tag-livres-bd","19":"tag-sport","20":"tag-sport-national"},"share_on_mastodon":{"url":"https:\/\/pubeurope.com\/@fr\/115140066526535641","error":""},"_links":{"self":[{"href":"https:\/\/www.europesays.com\/fr\/wp-json\/wp\/v2\/posts\/363088","targetHints":{"allow":["GET"]}}],"collection":[{"href":"https:\/\/www.europesays.com\/fr\/wp-json\/wp\/v2\/posts"}],"about":[{"href":"https:\/\/www.europesays.com\/fr\/wp-json\/wp\/v2\/types\/post"}],"author":[{"embeddable":true,"href":"https:\/\/www.europesays.com\/fr\/wp-json\/wp\/v2\/users\/2"}],"replies":[{"embeddable":true,"href":"https:\/\/www.europesays.com\/fr\/wp-json\/wp\/v2\/comments?post=363088"}],"version-history":[{"count":0,"href":"https:\/\/www.europesays.com\/fr\/wp-json\/wp\/v2\/posts\/363088\/revisions"}],"wp:featuredmedia":[{"embeddable":true,"href":"https:\/\/www.europesays.com\/fr\/wp-json\/wp\/v2\/media\/363089"}],"wp:attachment":[{"href":"https:\/\/www.europesays.com\/fr\/wp-json\/wp\/v2\/media?parent=363088"}],"wp:term":[{"taxonomy":"category","embeddable":true,"href":"https:\/\/www.europesays.com\/fr\/wp-json\/wp\/v2\/categories?post=363088"},{"taxonomy":"post_tag","embeddable":true,"href":"https:\/\/www.europesays.com\/fr\/wp-json\/wp\/v2\/tags?post=363088"}],"curies":[{"name":"wp","href":"https:\/\/api.w.org\/{rel}","templated":true}]}}