{"id":363090,"date":"2025-09-03T11:12:13","date_gmt":"2025-09-03T11:12:13","guid":{"rendered":"https:\/\/www.europesays.com\/fr\/363090\/"},"modified":"2025-09-03T11:12:13","modified_gmt":"2025-09-03T11:12:13","slug":"cyril-hanouna-revele-les-raisons-de-labsence-de-matthieu-delormeau-de-tbt9","status":"publish","type":"post","link":"https:\/\/www.europesays.com\/fr\/363090\/","title":{"rendered":"Cyril Hanouna r\u00e9v\u00e8le les raisons de l\u2019absence de Matthieu Delormeau de \u00ab\u00a0TBT9\u00a0\u00bb"},"content":{"rendered":"<p>Matthieu Delormeau \u00e9tait le grand absent de la deuxi\u00e8me de <a href=\"https:\/\/www.20minutes.fr\/arts-stars\/television\/4170517-20250901-direct-tout-beau-tout-n9uf-hanouna-fait-grand-debut-w9\" target=\"_blank\" class=\"c-link c-link--is-underlined\" rel=\"nofollow noopener\">Tout beau, tout n9uf<\/a> (TBT9) sur W9. Pourtant, l\u2019ancien pr\u00e9sentateur du Mag sur NRJ12 avait \u00e9t\u00e9 annonc\u00e9 \u00e0 grand renfort de buzz tout au long de l\u2019\u00e9mission et son apparition <a href=\"https:\/\/www.20minutes.fr\/arts-stars\/people\/4170706-20250902-matthieu-delormeau-fait-retour-tout-beau-tout-n9uf-raconter-lutte-contre-addictions\" target=\"_blank\" class=\"c-link c-link--is-underlined\" rel=\"nofollow noopener\">\u00e0 la toute fin de la premi\u00e8re<\/a> qui a g\u00e9n\u00e9r\u00e9 de nombreux articles de presse.<\/p>\n<p>Et pour cause. Matthieu Delormeau a fait un retour \u00e0 l\u2019antenne apr\u00e8s deux ann\u00e9es noires. En juillet\u00a02024, le chroniqueur avait \u00e9cop\u00e9 <a href=\"https:\/\/www.20minutes.fr\/faits_divers\/4099297-20240702-chroniqueur-matthieu-delormeau-garde-vue-avoir-achete-cocaine\" target=\"_blank\" class=\"c-link c-link--is-underlined\" rel=\"nofollow noopener\">d\u2019une injonction th\u00e9rapeutique<\/a> apr\u00e8s avoir \u00e9t\u00e9 arr\u00eat\u00e9 lors d\u2019une transaction de coca\u00efne. En f\u00e9vrier\u00a02025, il se faisait \u00e0 nouveau arr\u00eater <a href=\"https:\/\/www.20minutes.fr\/arts-stars\/people\/4140811-20250226-matthieu-delormeau-place-garde-vue-apres-avoir-nouveau-achete-cocaine\" target=\"_blank\" class=\"c-link c-link--is-underlined\" rel=\"nofollow noopener\">dans des circonstances similaires<\/a>. Cet \u00e9t\u00e9, il a post\u00e9 par erreur une vid\u00e9o intime de lui qui a choqu\u00e9 autant qu\u2019elle a sem\u00e9 l\u2019inqui\u00e9tude aupr\u00e8s de ses fans.<\/p>\n<p>Lundi, c\u2019est visiblement tr\u00e8s \u00e9mu qu\u2019il est arriv\u00e9 sur le plateau de TBT9, avec qui <a href=\"https:\/\/www.20minutes.fr\/arts-stars\/people\/4144651-20250321-touche-poste-mediapart-rend-public-audio-menaces-cyril-hanouna-envers-matthieu-delormeau\" target=\"_blank\" class=\"c-link c-link--is-underlined\" rel=\"nofollow noopener\">les relations<\/a> ont parfois \u00e9t\u00e9 tendues.<\/p>\n<p>\u00ab\u00a0C\u2019est compliqu\u00e9 pour lui\u00a0\u00bb<\/p>\n<p>Matthieu Delormeau est venu parler de l\u2019addiction contre laquelle il se bat et sa volont\u00e9 de vouloir faire de la pr\u00e9vention. Dans la foul\u00e9e, <a href=\"https:\/\/www.20minutes.fr\/arts-stars\/television\/cyril_hanouna\/\" target=\"_blank\" class=\"c-link c-link--is-underlined\" rel=\"nofollow noopener\">Cyril Hanouna<\/a>, qui l\u2019a assur\u00e9 de son soutien, l\u2019a embauch\u00e9 en direct comme chroniqueur, promettant qu\u2019il viendrait parler plus longuement le lendemain.<\/p>\n<p>Sauf que, hier, pas de Matthieu Delormeau \u00e0 l\u2019antenne. Et Cyril Hanouna, en grand professionnel du divertissement, a attendu <a href=\"https:\/\/www.m6.fr\/tout-beau-tout-n9uf-p_27254\" target=\"_blank\" class=\"c-link c-link--is-underlined\" rel=\"nofollow noopener\">la fin de l\u2019\u00e9mission<\/a> pour l\u2019annoncer.<\/p>\n<p>\u00ab\u00a0Il ne se sent pas de venir ce soir. Il viendra demain. Il a tr\u00e8s envie de vous parler, de revenir \u00e0 la t\u00e9l\u00e9vision et de rigoler avec nous. C\u2019est tr\u00e8s compliqu\u00e9 pour lui. On l\u2019aime\u00a0\u00bb, a lanc\u00e9 l\u2019animateur-producteur.<\/p>\n<p>\u00ab\u00a0On se retrouve demain\u00a0\u00bb<\/p>\n<p>Matthieu Delormeau a lui aussi pris la parole sur son compte X pour confirmer sa venue dans l\u2019\u00e9mission de ce soir. \u00ab\u00a0Je r\u00e9pondrai \u00e0 toutes les questions demain\u00a0\u00bb, <a href=\"https:\/\/x.com\/Mdelormeau\/status\/1962965752073613590\" rel=\"nofollow\" target=\"_blank\" class=\"c-link c-link--is-underlined\">a \u00e9crit<\/a> le chroniqueur hier. \u00ab\u00a0Si je peux convaincre, UN adolescent de ne jamais toucher \u00e0 la drogue. Ce sera d\u00e9j\u00e0 une victoire. C\u2019est surtout \u00e0 leur m\u00e8re que j\u2019aimerais m\u2019adresser. On se retrouve demain.\u00a0\u00bb<\/p>\n<p>L\u2019addiction est un v\u00e9ritable <a href=\"https:\/\/www.20minutes.fr\/sante\/4165153-20250724-quatorze-passages-urgences-jour-ravages-cocaine-sante-francais\" target=\"_blank\" class=\"c-link c-link--is-underlined\" rel=\"nofollow noopener\">probl\u00e8me de sant\u00e9 publique<\/a> qui touche <a href=\"https:\/\/www.20minutes.fr\/politique\/4067466-20231219-conseiller-accro-cocaine-discretement-exfiltre-ministere-travail\" target=\"_blank\" class=\"c-link c-link--is-underlined\" rel=\"nofollow noopener\">tous les milieux sociaux<\/a>, affectant \u00e9galement <a href=\"https:\/\/www.20minutes.fr\/faits_divers\/4144349-20250320-cocaine-ecstasy-zones-rurales-peut-trouver-tout-partout\" target=\"_blank\" class=\"c-link c-link--is-underlined\" rel=\"nofollow noopener\">l\u2019ins\u00e9curit\u00e9 en r\u00e9gion<\/a> comme en zone urbaine et qui m\u00e9riterait peut-\u00eatre un peu mieux que de servir l\u2019audimat. Pour son lancement, Tout beau, tout n9uf a permis \u00e0 W9 de multiplier par cinq son audience. Hier, la deuxi\u00e8me \u00e9mission de Cyril Hanouna \u00e9tait en nette progression dans sa derni\u00e8re partie, avec 1,77\u00a0million de t\u00e9l\u00e9spectateurs contre 1,52\u00a0million la veille, <a href=\"https:\/\/www.programme-tv.net\/news\/tv\/386690-tout-beau-tout-neuf-quelle-audience-pour-le-deuxieme-numero-de-lemission-de-cyril-hanouna-sur-w9\/\" rel=\"nofollow noopener\" target=\"_blank\" class=\"c-link c-link--is-underlined\">selon M\u00e9diam\u00e9trie<\/a>. Tout n\u2019est pas que de la t\u00e9l\u00e9vision.<\/p>\n","protected":false},"excerpt":{"rendered":"Matthieu Delormeau \u00e9tait le grand absent de la deuxi\u00e8me de Tout beau, tout n9uf (TBT9) sur W9. Pourtant,&hellip;\n","protected":false},"author":2,"featured_media":363091,"comment_status":"","ping_status":"","sticky":false,"template":"","format":"standard","meta":{"footnotes":""},"categories":[1356],"tags":[1083,58,59,1011,27,7830,973,252,49425,1364,133,2395],"class_list":{"0":"post-363090","1":"post","2":"type-post","3":"status-publish","4":"format-standard","5":"has-post-thumbnail","7":"category-television","8":"tag-cyril-hanouna","9":"tag-divertissement","10":"tag-entertainment","11":"tag-fr","12":"tag-france","13":"tag-matthieu-delormeau","14":"tag-people","15":"tag-television","16":"tag-tout-beau-tout-n9uf","17":"tag-tv","18":"tag-video","19":"tag-w9"},"share_on_mastodon":{"url":"https:\/\/pubeurope.com\/@fr\/115140070179279060","error":""},"_links":{"self":[{"href":"https:\/\/www.europesays.com\/fr\/wp-json\/wp\/v2\/posts\/363090","targetHints":{"allow":["GET"]}}],"collection":[{"href":"https:\/\/www.europesays.com\/fr\/wp-json\/wp\/v2\/posts"}],"about":[{"href":"https:\/\/www.europesays.com\/fr\/wp-json\/wp\/v2\/types\/post"}],"author":[{"embeddable":true,"href":"https:\/\/www.europesays.com\/fr\/wp-json\/wp\/v2\/users\/2"}],"replies":[{"embeddable":true,"href":"https:\/\/www.europesays.com\/fr\/wp-json\/wp\/v2\/comments?post=363090"}],"version-history":[{"count":0,"href":"https:\/\/www.europesays.com\/fr\/wp-json\/wp\/v2\/posts\/363090\/revisions"}],"wp:featuredmedia":[{"embeddable":true,"href":"https:\/\/www.europesays.com\/fr\/wp-json\/wp\/v2\/media\/363091"}],"wp:attachment":[{"href":"https:\/\/www.europesays.com\/fr\/wp-json\/wp\/v2\/media?parent=363090"}],"wp:term":[{"taxonomy":"category","embeddable":true,"href":"https:\/\/www.europesays.com\/fr\/wp-json\/wp\/v2\/categories?post=363090"},{"taxonomy":"post_tag","embeddable":true,"href":"https:\/\/www.europesays.com\/fr\/wp-json\/wp\/v2\/tags?post=363090"}],"curies":[{"name":"wp","href":"https:\/\/api.w.org\/{rel}","templated":true}]}}