{"id":363092,"date":"2025-09-03T11:13:16","date_gmt":"2025-09-03T11:13:16","guid":{"rendered":"https:\/\/www.europesays.com\/fr\/363092\/"},"modified":"2025-09-03T11:13:16","modified_gmt":"2025-09-03T11:13:16","slug":"la-rappeuse-cardi-b-acquittee-a-son-proces-pour-agression-2","status":"publish","type":"post","link":"https:\/\/www.europesays.com\/fr\/363092\/","title":{"rendered":"La rappeuse Cardi B acquitt\u00e9e \u00e0 son proc\u00e8s pour agression"},"content":{"rendered":"\n<p class=\"c-chapo \">\n  La star am\u00e9ricaine \u00e9tait accus\u00e9e par une agente de s\u00e9curit\u00e9 qui lui r\u00e9clamait 24 millions de dollars de d\u00e9dommagement pour une agression remontant \u00e0 f\u00e9vrier 2018.\n<\/p>\n<p>            lire plus tard<\/p>\n<p id=\"dialog__title\" class=\"dialog__title\">Pour sauvegarder cet article, connectez-vous ou cr\u00e9ez un compte franceinfo<\/p>\n<p class=\"dialog__description\">Sans paiement. Sans abonnement.<\/p>\n<p>        Fermer la fen\u00eatre d\u2019activation des notifications France Info<\/p>\n<p>            cr\u00e9er votre compte<\/p>\n<p>            se connecter<\/p>\n<p>        Fermer la fen\u00eatre de pr\u00e9sentation<\/p>\n<p>    <img loading=\"lazy\" decoding=\"async\" class=\"signature__image lazyload\" width=\"100\" height=\"100\" data- alt=\"\" src=\"https:\/\/www.europesays.com\/fr\/wp-content\/uploads\/2025\/05\/64abd44855ee1_placeholder-36b69ec8.png\"\/><\/p>\n<p>          France T\u00e9l\u00e9visions &#8211; R\u00e9daction Culture<\/p>\n<p>    Publi\u00e9 le 03\/09\/2025 11:03<\/p>\n<p>        Temps de lecture : 2min<\/p>\n<p>    <img decoding=\"async\"  alt=\"Cardi B \u00e0 Los Angeles, le 08 juin 2025. (KEVIN WINTER \/ GETTY IMAGES NORTH AMERICA)\" width=\"432\" height=\"243\" src=\"https:\/\/www.europesays.com\/fr\/wp-content\/uploads\/2025\/09\/063-2219211597-68b802bca413a078339594.jpg\" fetchpriority=\"high\"\/><\/p>\n<p>      Cardi B \u00e0 Los Angeles, le 08 juin 2025. (KEVIN WINTER \/ GETTY IMAGES NORTH AMERICA)<\/p>\n<p>La rappeuse am\u00e9ricaine <a href=\"https:\/\/www.franceinfo.fr\/culture\/musique\/rap\/la-rappeuse-americaine-cardi-b-visee-par-une-enquete-apres-avoir-jete-son-micro-sur-le-public_5983643.html\" rel=\"nofollow noopener\" target=\"_blank\">Cardi B<\/a>, poursuivie au civil par une agente de s\u00e9curit\u00e9 qui l&rsquo;accusait de l&rsquo;avoir agress\u00e9e et lui r\u00e9clamait des millions, a \u00e9t\u00e9 acquitt\u00e9e, mardi 2 septembre, par un tribunal de Californie. L&rsquo;artiste a remerci\u00e9 ses soutiens \u00e0 la sortie du tribunal d&rsquo;Alhambra, pr\u00e8s de Los Angeles. \u00ab\u00a0Je jure devant Dieu, je le dirai sur mon lit de mort, je n&rsquo;ai pas touch\u00e9 cette femme\u00a0\u00bb, a-t-elle insist\u00e9. \u00ab\u00a0Je n&rsquo;ai pas pos\u00e9 les mains sur cette fille.\u00a0\u00bb<\/p>\n<p>L&rsquo;interpr\u00e8te de Money et Bodak Yellow \u00e9tait accus\u00e9e par Emani Ellis, une agente de s\u00e9curit\u00e9 qui lui r\u00e9clamait 24 millions de dollars de d\u00e9dommagement pour une agression remontant \u00e0 f\u00e9vrier 2018. La plaignante, qui travaillait pour un cabinet de gyn\u00e9cologie de Beverly Hills, accusait Cardi B de lui avoir crach\u00e9 dessus et griff\u00e9 le visage avec ses ongles longs.<\/p>\n<p>Lors du proc\u00e8s, la rappeuse a au contraire soutenu que c&rsquo;\u00e9tait l&rsquo;agente de s\u00e9curit\u00e9 qui l&rsquo;avait approch\u00e9 de mani\u00e8re agressive, en essayant de la filmer avec son t\u00e9l\u00e9phone lors d&rsquo;une visite m\u00e9dicale, alors qu&rsquo;elle \u00e9tait enceinte et que sa grossesse n&rsquo;avait \u00e0 l&rsquo;\u00e9poque pas \u00e9t\u00e9 rendue publique.<\/p>\n<p>Selon sa d\u00e9fense, Emani Ellis a tent\u00e9 d&rsquo;intimider la rappeuse, ce qui a donn\u00e9 lieu \u00e0 un face-\u00e0-face houleux ponctu\u00e9 d&rsquo;injures, avant que le personnel m\u00e9dical du cabinet n&rsquo;intervienne.<\/p>\n<p>Le tribunal civil charg\u00e9 de trancher l&rsquo;affaire a innocent\u00e9 l&rsquo;artiste de 32 ans, titulaire d&rsquo;un Grammy Award &#8211; \u00e9quivalent d&rsquo;un Oscar pour la musique am\u00e9ricaine.<\/p>\n<p>\u00ab\u00a0La prochaine personne qui essaiera d&rsquo;intenter un proc\u00e8s frivole contre moi, je vais contre-attaquer et je vais vous faire payer. Parce que ce n&rsquo;est pas acceptable\u00a0\u00bb, a pr\u00e9venu Cardi B \u00e0 la sortie du tribunal. \u00ab\u00a0Ne pensez jamais que vous allez me poursuivre en justice et que je vais accepter un r\u00e8glement \u00e0 l&rsquo;amiable et vous donner de l&rsquo;argent\u00a0\u00bb, a-t-elle ajout\u00e9.<\/p>\n","protected":false},"excerpt":{"rendered":"La star am\u00e9ricaine \u00e9tait accus\u00e9e par une agente de s\u00e9curit\u00e9 qui lui r\u00e9clamait 24 millions de dollars de&hellip;\n","protected":false},"author":2,"featured_media":363093,"comment_status":"","ping_status":"","sticky":false,"template":"","format":"standard","meta":{"footnotes":""},"categories":[1355],"tags":[58,59,1011,27,1361,873],"class_list":{"0":"post-363092","1":"post","2":"type-post","3":"status-publish","4":"format-standard","5":"has-post-thumbnail","7":"category-musique","8":"tag-divertissement","9":"tag-entertainment","10":"tag-fr","11":"tag-france","12":"tag-music","13":"tag-musique"},"share_on_mastodon":{"url":"https:\/\/pubeurope.com\/@fr\/115140074581274469","error":""},"_links":{"self":[{"href":"https:\/\/www.europesays.com\/fr\/wp-json\/wp\/v2\/posts\/363092","targetHints":{"allow":["GET"]}}],"collection":[{"href":"https:\/\/www.europesays.com\/fr\/wp-json\/wp\/v2\/posts"}],"about":[{"href":"https:\/\/www.europesays.com\/fr\/wp-json\/wp\/v2\/types\/post"}],"author":[{"embeddable":true,"href":"https:\/\/www.europesays.com\/fr\/wp-json\/wp\/v2\/users\/2"}],"replies":[{"embeddable":true,"href":"https:\/\/www.europesays.com\/fr\/wp-json\/wp\/v2\/comments?post=363092"}],"version-history":[{"count":0,"href":"https:\/\/www.europesays.com\/fr\/wp-json\/wp\/v2\/posts\/363092\/revisions"}],"wp:featuredmedia":[{"embeddable":true,"href":"https:\/\/www.europesays.com\/fr\/wp-json\/wp\/v2\/media\/363093"}],"wp:attachment":[{"href":"https:\/\/www.europesays.com\/fr\/wp-json\/wp\/v2\/media?parent=363092"}],"wp:term":[{"taxonomy":"category","embeddable":true,"href":"https:\/\/www.europesays.com\/fr\/wp-json\/wp\/v2\/categories?post=363092"},{"taxonomy":"post_tag","embeddable":true,"href":"https:\/\/www.europesays.com\/fr\/wp-json\/wp\/v2\/tags?post=363092"}],"curies":[{"name":"wp","href":"https:\/\/api.w.org\/{rel}","templated":true}]}}