{"id":363104,"date":"2025-09-03T11:19:13","date_gmt":"2025-09-03T11:19:13","guid":{"rendered":"https:\/\/www.europesays.com\/fr\/363104\/"},"modified":"2025-09-03T11:19:13","modified_gmt":"2025-09-03T11:19:13","slug":"sncf-ecoles-hopitaux-commerces-la-liste-des-secteurs-touches","status":"publish","type":"post","link":"https:\/\/www.europesays.com\/fr\/363104\/","title":{"rendered":"SNCF, \u00e9coles, h\u00f4pitaux, commerces&#8230; La liste des secteurs touch\u00e9s"},"content":{"rendered":"<p>                    <a title=\"\u00a0\u00a9\u00a0KONRAD K.\/SIPA (publi\u00e9e le 01\/09\/2025)\" href=\"https:\/\/www.europesays.com\/fr\/wp-content\/uploads\/2025\/09\/79678821.jpg\" class=\"fancy\"><\/p>\n<p>                            <img loading=\"lazy\" decoding=\"async\" src=\"https:\/\/www.europesays.com\/fr\/wp-content\/uploads\/2025\/09\/79678821.jpg\" alt=\"Gr\u00e8ve du 10\u00a0septembre\u00a0: SNCF, \u00e9coles, h\u00f4pitaux, commerces... La liste des secteurs touch\u00e9s\" width=\"1500\" height=\"1000\"\/><\/p>\n<p>                    <\/a><\/p>\n<p>                Les appels \u00e0 la gr\u00e8ve du 10\u00a0septembre se multiplient et touchent plusieurs secteurs. Le mouvement pourrait entra\u00eener des perturbations dans les transports, les \u00e9coles, les h\u00f4pitaux mais aussi la fonction publique.<\/p>\n<p>Si la semaine de la rentr\u00e9e se d\u00e9roule dans le calme, la suite du moins de septembre s&rsquo;annonce agit\u00e9e. Les nombreux appels \u00e0 la mobilisation contre le budget de Fran\u00e7ois Bayrou continuent d&rsquo;\u00eatre diffus\u00e9s et ils s&rsquo;accompagne d\u00e9sormais d&rsquo;appels \u00e0 la gr\u00e8ve pour la journ\u00e9e du mercredi 10 septembre. Une initiative soutenue par deux syndicats, la CGT et SUD, depuis le 27 ao\u00fbt. Le premier\u00a0a m\u00eame\u00a0appel\u00e9 \u00e0 \u00ab\u00a0construire la gr\u00e8ve partout o\u00f9 c&rsquo;est possible\u00a0\u00bb le 10\u00a0septembre en faisant de cette date \u00ab\u00a0une premi\u00e8re \u00e9tape r\u00e9ussie\u00a0\u00bb.<\/p>\n<p>Ces organisations syndicales sont\u00a0minoritaires puisque l&rsquo;intersyndicale a refus\u00e9 de rejoindre le mouvement citoyen. Une d\u00e9cision prise le 29 ao\u00fbt en raison\u00a0des m\u00e9thodes employ\u00e9es ou de certains discours tenus par les collectifs citoyens derri\u00e8re le mouvement. Reste que plusieurs f\u00e9d\u00e9rations locales de certains syndicats ont d\u00e9cid\u00e9 de se mobiliser. A noter par ailleurs que l&rsquo;intersyndicale a appel\u00e9 \u00e0 une mobilisation ult\u00e9rieure \u00e0 la date du 18 septembre qui pourrait prolonger certains mouvements de gr\u00e8ve.<\/p>\n<p>Une gr\u00e8ve \u00e0 la SNCF\u00a0le 10 septembre<\/p>\n<p>D\u00e8s le 21 ao\u00fbt, le syndicat de cheminots\u00a0Sud-Rail a \u00e9t\u00e9 le premier\u00a0a appel\u00e9 \u00e0 faire \u00ab\u00a0gr\u00e8ve massivement\u00a0\u00bb et \u00e0\u00a0\u00ab\u00a0tout bloquer dans le ferroviaire\u00a0\u00bb le 10\u00a0septembre. Sud-Rail d\u00e9nonce notamment \u00ab\u00a0la saign\u00e9e sociale \u00e0 venir\u00a0\u00bb\u00a0\u00e0 la SNCF. LA\u00a0premi\u00e8re organisation syndicale repr\u00e9sentative de\u00a0la SNCF, la CGT-Cheminots\u00a0doit prendre une d\u00e9cision durant la semaine du 1er septembre a fait savoir\u00a0son secr\u00e9taire g\u00e9n\u00e9ral Thierry Nier. Le syndicat pourrait toutefois \u00eatre influenc\u00e9 par l&rsquo;annonce de Sophie Binet et soutenir la gr\u00e8ve du 10 septembre. L&rsquo;UNSA-Ferroviaire, deuxi\u00e8me syndicat des cheminots, n&rsquo;a\u00a0pas encore tranch\u00e9 non plus et pr\u00e9voit\u00a0de prendre une d\u00e9cision d&rsquo;ici \u00ab\u00a0au 1er septembre\u00a0\u00bb.<\/p>\n<p>L&rsquo;Education nationale en gr\u00e8ve le 10 septembre ?<\/p>\n<p>La gr\u00e8ve se pr\u00e9pare aussi dans le secteur de l&rsquo;Education nationale. Plusieurs syndicats de l&rsquo;enseignement ont annonc\u00e9 leur participation \u00e0 la mobilisation comme SUD Education, le SNES-FSU (principal syndicat du second degr\u00e9) et quelques f\u00e9d\u00e9rations du FSU-Snuipp (principal syndicat du premier degr\u00e9). \u00ab\u00a0Le 10 septembre est une mobilisation tr\u00e8s prot\u00e9iforme avec des \u00e9l\u00e9ments de revendications parfois tr\u00e8s \u00e9loign\u00e9s [&#8230;] mais aussi des revendications li\u00e9es \u00e0 la justice sociale, \u00e0 la justice fiscale et au renforcement des services publiques\u00a0\u00bb, a expliqu\u00e9 Sophie V\u00e9n\u00e9titay, secr\u00e9taire g\u00e9n\u00e9rale du SNES-FSU, le jeudi 28 ao\u00fbt. Pour cela, \u00ab\u00a0il y aura des mobilisations dans un cadre intersyndicale sur la base de revendications que nous partageons, ce sont des mobilisations que nous accompagneront, que nous soutiendront\u00a0\u00bb, a-t-elle ajout\u00e9.<\/p>\n<p>En plus des enseignants, <a href=\"https:\/\/www.linternaute.com\/actualite\/societe\/8662020-lycees-bloques-le-10-septembre-quels-sont-les-etablissements-concernes\/\" rel=\"nofollow noopener\" target=\"_blank\">des syndicats lyc\u00e9ens ont d\u00e9j\u00e0 annonc\u00e9 se joindre au mouvement<\/a> en faisant gr\u00e8ve le 10 septembre.\u00a0L&rsquo;union syndicale lyc\u00e9enne (USL), principal syndicat lyc\u00e9en, a ainsi appel\u00e9 dans un communiqu\u00e9 publi\u00e9 le 25\u00a0ao\u00fbt \u00ab\u00a0au blocage des \u00e9tablissements pour construire la mobilisation dans la dur\u00e9e, contre une politique aust\u00e9ritaire et destructrice pour l&rsquo;\u00e9ducation\u00a0\u00bb.<\/p>\n<p>Le mouvement pourrait durer au-del\u00e0 du 10 septembre \u00e0 l&rsquo;Education nationale. Sophie V\u00e9n\u00e9titay a affirm\u00e9 que \u00ab\u00a0la bataille pour un autre budget va continuer apr\u00e8s\u00a0\u00bb cette date et que \u00ab\u00a0c&rsquo;est pour \u00e7a qu&rsquo;on s&rsquo;inscrira dans les d\u00e9cisions de l&rsquo;intersyndicale qui se r\u00e9unira vendredi\u00a0\u00bb. La syndicaliste a notamment \u00e9voqu\u00e9 \u00ab\u00a0une journ\u00e9e de gr\u00e8ve pour la fin du mois de septembre\u00a0\u00bb ainsi que d&rsquo;une \u00ab\u00a0journ\u00e9e de gr\u00e8ve [propre \u00e0 l&rsquo;] \u00e9ducation dans les prochaines semaines\u00a0\u00bb.<\/p>\n<p>Vers une gr\u00e8ve dans le secteur de la sant\u00e9\u00a0?<\/p>\n<p>L&rsquo;appel a la gr\u00e8ve du 10 septembre a aussi\u00a0\u00e9t\u00e9 lanc\u00e9 au d\u00e9but du mois d&rsquo;ao\u00fbt par les quatre syndicaux de l&rsquo;Assistance publique-H\u00f4pitaux de Paris (AP-HP) :\u00a0CGT, FO, CFTC et Unsa. Ils ont appel\u00e9 \u00e0 organiser des assembl\u00e9es g\u00e9n\u00e9rales tous services confondus d\u00e8s le 25\u00a0ao\u00fbt pour pr\u00e9parer une gr\u00e8ve commune contre le plan d&rsquo;\u00e9conomies.\u00a0Les organisations syndicales sont en train de pr\u00e9parer un pr\u00e9avis de gr\u00e8ve intersyndical\u00a0\u00e0 partir du 5\u00a0septembre, pour pouvoir cesser le travail si les assembl\u00e9es g\u00e9n\u00e9rales le d\u00e9cident, ont indiqu\u00e9 la CFDT et FO. Un mouvement le 10 n&rsquo;est donc pas \u00e9cart\u00e9.<\/p>\n<p>En outre, le syndicat SUD Sant\u00e9 AP-HP fait savoir qu&rsquo;il \u00ab\u00a0soutiendrait\u00a0\u00bb le mouvement d&rsquo;appel au blocage du pays \u00e0 partir du 1er septembre. Il recommande \u00e0 \u00ab\u00a0tous les hospitaliers d&rsquo;y participer [&#8230;] Le syndicat SUD sant\u00e9 AP-HP a d\u00e9pos\u00e9 un pr\u00e9avis de gr\u00e8ve couvrant la p\u00e9riode allant du 1er septembre 2025\u00a0au 30\u00a0septembre 2025, afin de permettre aux agents de l&rsquo;AP-HP de prendre part \u00e0 toutes actions li\u00e9es \u00e0 ce mouvement\u00a0\u00bb, explique le syndicat.\u00a0<\/p>\n<p>Autre profession dans le domaine de la sant\u00e9, celle des pharmaciens.\u00a0L&rsquo;intersyndicale du secteur (Uspo, FSPF, UNPF, Federgy, UDGPO) pr\u00e9voit une fermeture des pharmacies le 18\u00a0septembre puis des fermetures \u00ab\u00a0tous les samedis \u00e0 compter du 27\u00a0septembre\u00a0\u00bb.<\/p>\n<p>Une gr\u00e8ve annonc\u00e9e dans les a\u00e9roports le 10 septembre<\/p>\n<p>Le rendez-vous est pris dans les a\u00e9roports : le syndicat Sud A\u00e9rien appelle \u00e0 la gr\u00e8ve et au blocage des infrastructures le 10 septembre. Une d\u00e9cision prise pour protester contre le budget de Fran\u00e7ois Bayrou synonyme d&rsquo;aust\u00e9rit\u00e9 pour le syndicat et contre\u00a0la d\u00e9gradation des conditions de travail dans l&rsquo;a\u00e9rien. La CGT Air France a \u00e9galement annonc\u00e9 soutenir et participer \u00e0 une gr\u00e8ve \u00e0 cette date. Les autres syndicats du secteur ne se sont pas encore prononc\u00e9 sur le participation au mouvement.<\/p>\n<p>Les a\u00e9roports devraient \u00eatre touch\u00e9 par la gr\u00e8ve au-del\u00e0 du 10 septembre puisque les contr\u00f4leurs a\u00e9riens ont annonc\u00e9 une mobilisation une semaine plus tard pour le 18 septembre. Le principal syndicat des contr\u00f4leurs a\u00e9riens a indiqu\u00e9 dans un communiqu\u00e9 du 28 ao\u00fbt que cette gr\u00e8ve r\u00e9sultat de l'\u00a0\u00bb\u00e9chec du dialogue social\u00a0\u00bb. Le\u00a0SNCTA, syndicat majoritaire, demande notamment\u00a0le\u00a0\u00ab\u00a0\u2009rattrapage int\u00e9gral de l&rsquo;inflation\u00a0\u00bb en mati\u00e8re salariale pour 2024, mais aussi une \u00e9volution de la gouvernance de la profession.<\/p>\n<p>Un appel \u00e0 la gr\u00e8ve lanc\u00e9 dans les commerces<\/p>\n<p>La CGT dans la branche commerce s&rsquo;est joint au mouvement le 2 septembre. \u00ab\u00a0La\u00a0F\u00e9d\u00e9ration CGT Commerce et Services\u00a0appelle \u00e0 amplifier les mobilisations et \u00e0 multiplier les actions le 10\u00a0septembre\u00a0: gr\u00e8ve, d\u00e9brayage de quelques heures, participation aux rassemblements et mobilisations locales de la CGT\u00a0\u00bb a-t-elle \u00e9crit dans un communiqu\u00e9 souhaitant pleinement prendre part au mouvement, par la gr\u00e8ve mais aussi pas le blocage. Le syndicat a \u00e9galement appel\u00e9 \u00e0 \u00ab\u00a0renforcer le rassemblement devant le Minist\u00e8re du travail \u00e0 9h30\u00a0\u00bb. L&rsquo;appel de la CGT vise plusieurs enseignes de grande distribution, de restauration, mais \u00e9galement des enseignes diversifi\u00e9es et pl\u00e9biscit\u00e9es par les Fran\u00e7ais :\u00a0But,\u00a0Primark,\u00a0Carrefour,\u00a0Kiabi\u00a0ou encore\u00a0Flunch,\u00a0Elior,\u00a0Sysco\u00a0et\u00a0Sodexo.<\/p>\n<p>Le monde de l&rsquo;industrie en gr\u00e8ve ?<\/p>\n<p>Les syndicats du secteur industriel ont aussi appel\u00e9 \u00e0 la gr\u00e8ve du 10 septembre, et m\u00eame avant pour certains comme la f\u00e9d\u00e9ration Mines-\u00c9nergie de la CGT qui a lanc\u00e9 un appel \u00e0 la gr\u00e8ve \u00e0 partir du 2\u00a0septembre. L&rsquo;organisation pr\u00e9voit\u00a0plusieurs dizaines de points de rassemblements\u00a0\u00e0 travers le pays selon une carte des mobilisations. La branche chimie de la CGT appelle aussi \u00e0 la gr\u00e8ve pour d\u00e9fendre\u00a0\u00ab\u00a0l&rsquo;augmentation des salaires\u00a0\u00bb, \u00ab\u00a0l&rsquo;interdiction des sept jours de carence\u00a0\u00bb voulus par le gouvernement, \u00ab\u00a0l&rsquo;interdiction des exon\u00e9rations de cotisations sociales\u00a0\u00bb, et contre la suppression des franchises m\u00e9dicales et forfaitaires\u00a0ainsi que contre la suppression de deux jours f\u00e9ri\u00e9s.<\/p>\n<p>Une gr\u00e8ve g\u00e9n\u00e9ralis\u00e9e dans la fonction publique le 10 septembre ?<\/p>\n<p>Les fonctionnaires sont appel\u00e9s \u00e0 se mettre en gr\u00e8ve le 10 et le 18 septembre par la CGT Fonction publique.\u00a0Un appel partag\u00e9 par les trois versants du secteurs (Eta, territoriale et hospitali\u00e8re) a confirm\u00e9\u00a0Sylviane Brousse, l&rsquo;une des coordinatrices de la CGT fonction publique, \u00e0 l&rsquo;AFP. L&rsquo;appel du syndicat le plus repr\u00e9sentatif du secteur pourrait \u00eatre suivi. Les fonctionnaires sont ainsi appel\u00e9s \u00ab\u00a0\u00e0 tout bloquer par la gr\u00e8ve pour combattre l&rsquo;aust\u00e9rit\u00e9, d\u00e9fendre, reconqu\u00e9rir et d\u00e9velopper les services publics\u00a0\u00bb, peut-on lire dans un communiqu\u00e9.<\/p>\n<p>Pas de gr\u00e8ve des taxis le 10 septembre<\/p>\n<p>Face \u00e0 l&rsquo;engouement autour du 10 septembre, les taxis qui avaient pr\u00e9vus de se mobiliser le 5 septembre ont finalement d\u00e9cid\u00e9 de reporter leur mouvement.\u00a0Les f\u00e9d\u00e9rations de taxi ne\u00a0veulent\u00a0pas s&rsquo;unir au\u00a0mouvement de blocage comme l&rsquo;explique <a href=\"https:\/\/www.cnews.fr\/france\/2025-08-22\/greve-en-septembre-quels-sont-les-secteurs-qui-pourraient-etre-concernes-par-le\" target=\"_blank\" rel=\"nofollow noopener\">Cnews<\/a>, car elles\u00a0consid\u00e8rent ne pas \u00eatre \u00ab\u00a0sur les m\u00eames revendications\u00a0\u00bb. Le\u00a0report a \u00e9t\u00e9 annonc\u00e9 le mercredi 27 ao\u00fbt : \u00ab\u00a0Lancer une mobilisation dans ce contexte reviendrait \u00e0\u00a0gaspiller une \u00e9nergie pr\u00e9cieuse\u00a0\u00bb.<\/p>\n","protected":false},"excerpt":{"rendered":"Les appels \u00e0 la gr\u00e8ve du 10\u00a0septembre se multiplient et touchent plusieurs secteurs. Le mouvement pourrait entra\u00eener des&hellip;\n","protected":false},"author":2,"featured_media":363105,"comment_status":"","ping_status":"","sticky":false,"template":"","format":"standard","meta":{"footnotes":""},"categories":[6],"tags":[35,33,34,1011,27],"class_list":{"0":"post-363104","1":"post","2":"type-post","3":"status-publish","4":"format-standard","5":"has-post-thumbnail","7":"category-economie","8":"tag-business","9":"tag-economie","10":"tag-economy","11":"tag-fr","12":"tag-france"},"share_on_mastodon":{"url":"https:\/\/pubeurope.com\/@fr\/115140097837225728","error":""},"_links":{"self":[{"href":"https:\/\/www.europesays.com\/fr\/wp-json\/wp\/v2\/posts\/363104","targetHints":{"allow":["GET"]}}],"collection":[{"href":"https:\/\/www.europesays.com\/fr\/wp-json\/wp\/v2\/posts"}],"about":[{"href":"https:\/\/www.europesays.com\/fr\/wp-json\/wp\/v2\/types\/post"}],"author":[{"embeddable":true,"href":"https:\/\/www.europesays.com\/fr\/wp-json\/wp\/v2\/users\/2"}],"replies":[{"embeddable":true,"href":"https:\/\/www.europesays.com\/fr\/wp-json\/wp\/v2\/comments?post=363104"}],"version-history":[{"count":0,"href":"https:\/\/www.europesays.com\/fr\/wp-json\/wp\/v2\/posts\/363104\/revisions"}],"wp:featuredmedia":[{"embeddable":true,"href":"https:\/\/www.europesays.com\/fr\/wp-json\/wp\/v2\/media\/363105"}],"wp:attachment":[{"href":"https:\/\/www.europesays.com\/fr\/wp-json\/wp\/v2\/media?parent=363104"}],"wp:term":[{"taxonomy":"category","embeddable":true,"href":"https:\/\/www.europesays.com\/fr\/wp-json\/wp\/v2\/categories?post=363104"},{"taxonomy":"post_tag","embeddable":true,"href":"https:\/\/www.europesays.com\/fr\/wp-json\/wp\/v2\/tags?post=363104"}],"curies":[{"name":"wp","href":"https:\/\/api.w.org\/{rel}","templated":true}]}}