{"id":363106,"date":"2025-09-03T11:20:13","date_gmt":"2025-09-03T11:20:13","guid":{"rendered":"https:\/\/www.europesays.com\/fr\/363106\/"},"modified":"2025-09-03T11:20:13","modified_gmt":"2025-09-03T11:20:13","slug":"lue-sapprete-a-approuver-laccord-du-mercosur-la-russie-veut-une-reconnaissance-internationale-des-regions-annexees-chatgpt-en-panne-les-3-infos-a-retenir-a","status":"publish","type":"post","link":"https:\/\/www.europesays.com\/fr\/363106\/","title":{"rendered":"L\u2019UE s\u2019appr\u00eate \u00e0 approuver l\u2019accord du Mercosur, la Russie veut une reconnaissance \u00abinternationale\u00bb des r\u00e9gions annex\u00e9es, ChatGPT en panne&#8230; Les 3 infos \u00e0 retenir \u00e0 la mi-journ\u00e9e"},"content":{"rendered":"<p><strong>LE POINT DE MIDI &#8211; <\/strong>Retrouvez l\u2019essentiel de l\u2019actualit\u00e9 parue ce mercredi 3 septembre au matin sur notre site.<\/p>\n<p>L\u2019UE s\u2019appr\u00eate \u00e0 approuver ce mercredi l\u2019accord controvers\u00e9 du Mercosur<\/p>\n<p>    L\u2019adoption par les commissaires europ\u00e9ens est la premi\u00e8re \u00e9tape avant de soumettre ce trait\u00e9 de libre-\u00e9change aux \u00c9tats membres.<br \/>\n                ADOBE STOCK<\/p>\n<p class=\"fig-paragraph\">La Commission europ\u00e9enne s\u2019appr\u00eate \u00e0 approuver mercredi<a href=\"http:\/\/www.lefigaro.fr\/conjoncture\/l-ue-s-apprete-a-approuver-ce-mercredi-l-accord-controverse-du-mercosur-20250903\" data-fig-type=\"NewsFlash\" data-gtm-custom-categorie=\"navigation\" data-gtm-custom-action=\"crossclick\" data-gtm-custom-label=\"Contextuel\" data-gtm-event=\"customEventSPE\" data-fig-domain=\"LEFIGARO\" target=\"_blank\" rel=\"noopener\">\u00a0l\u2019accord commercial avec les pays latino-am\u00e9ricains du Mercosur<\/a>, avec un geste pour tenter de convaincre Paris et rassurer les agriculteurs. L\u2019adoption par les commissaires europ\u00e9ens est la premi\u00e8re \u00e9tape avant de soumettre ce trait\u00e9 de libre-\u00e9change aux \u00c9tats membres et aux eurod\u00e9put\u00e9s dans les mois qui viennent.<\/p>\n<p>Guerre en Ukraine\u00a0: la Russie annonce vouloir une reconnaissance \u00abinternationale\u00bb des r\u00e9gions annex\u00e9es<\/p>\n<p>    La pr\u00e9sidence russe r\u00e9clame que Kiev c\u00e8de \u00e0 la Russie les quatre r\u00e9gions ukrainiennes dont elle revendique l\u2019annexion depuis septembre 2022, en plus de la Crim\u00e9e annex\u00e9e en 2014.<br \/>\n                Maxim SHEMETOV \/ REUTERS<\/p>\n<p class=\"fig-paragraph\">La\u00a0<a href=\"http:\/\/www.lefigaro.fr\/international\/guerre-en-ukraine-la-russie-a-lance-plus-de-500-drones-et-missiles-dans-l-ouest-du-pays-indique-kiev-20250903\" data-fig-type=\"NewsFlash\" data-gtm-custom-categorie=\"navigation\" data-gtm-custom-action=\"crossclick\" data-gtm-custom-label=\"Contextuel\" data-gtm-event=\"customEventSPE\" data-fig-domain=\"LEFIGARO\" target=\"_blank\" rel=\"noopener\">Russie\u00a0affirme vouloir une reconnaissance \u00abinternationale\u00bb des r\u00e9gions ukrainiennes annex\u00e9es<\/a>, a indiqu\u00e9 le chef de la diplomatie russe,\u00a0Sergue\u00ef Lavrov, dans une interview publi\u00e9e mercredi. Dans le m\u00eame temps, Moscou a lanc\u00e9 dans la nuit une vaste attaque avec plus de 500 drones et missiles principalement sur l\u2019ouest de l\u2019Ukraine.<\/p>\n<p>ChatGPT en panne, l\u2019IA indisponible pour de nombreux utilisateurs<\/p>\n<p>    \u00abNous rencontrons actuellement des difficult\u00e9s\u00a0: ChatGPT ne renvoie pas de r\u00e9ponses\u00bb, indique la plateforme.<br \/>\n                ADOBE STOCK<\/p>\n<p>                                    <a class=\"fig-a11y-skip a11y-hidden\" href=\"#fig-a11y-skip-main-inarticle\"><br \/>\n        Passer la publicit\u00e9<br \/>\n    <\/a><\/p>\n<p class=\"fig-paragraph\">Depuis plusieurs heures ce mercredi, les messages se multiplient sur les r\u00e9seaux sociaux pour signaler\u00a0<a href=\"http:\/\/www.lefigaro.fr\/secteur\/high-tech\/chatgpt-en-panne-l-ia-indisponible-pour-de-nombreux-utilisateurs-20250903\" data-fig-type=\"Article\" data-gtm-custom-categorie=\"navigation\" data-gtm-custom-action=\"crossclick\" data-gtm-custom-label=\"Contextuel\" data-gtm-event=\"customEventSPE\" data-fig-domain=\"LEFIGARO\" target=\"_blank\" rel=\"noopener\">des difficult\u00e9s d\u2019acc\u00e8s \u00e0 ChatGPT.<\/a>\u00a0Le site DownDetector, qui recense en temps r\u00e9el les signalements de pannes, a enregistr\u00e9 un pic aux alentours de 9h45, avec plus de 840 alertes. Un probl\u00e8me confirm\u00e9 par l\u2019entreprise.<\/p>\n<p>Le chiffre du jour\u00a0: <strong>200.000\u00a0<\/strong><\/p>\n<p class=\"fig-paragraph\">C\u2019est le nombre de places\u00a0<a href=\"http:\/\/www.lefigaro.fr\/conso\/sncf-200-000-billets-ouigo-proposes-a-19-euros-maximum-pendant-deux-jours-20250903\" data-fig-type=\"Article\" data-gtm-custom-categorie=\"navigation\" data-gtm-custom-action=\"crossclick\" data-gtm-custom-label=\"Contextuel\" data-gtm-event=\"customEventSPE\" data-fig-domain=\"LEFIGARO\" target=\"_blank\" rel=\"noopener\">Ouigo propos\u00e9es par la SNCF\u00a0<\/a>\u00e0 moins de 20 euros \u00e0 partir de ce mercredi avec son op\u00e9ration \u00abJours Traincroyables\u00bb. L\u2019objectif\u00a0? Permettre aux voyageurs de r\u00e9server des trajets \u00e0 bas prix pour l\u2019automne.<\/p>\n<p>Notre sondage<\/p>\n<p>Emmanuel Macron encore plus impopulaire que pendant la crise des gilets jaunes<\/p>\n<p class=\"fig-paragraph\">La cote de confiance du chef de l\u2019\u00c9tat chute de six points pour atteindre son plus bas niveau depuis 2017\u00a0: 15\u00a0%\u00a0!<\/p>\n<p class=\"fig-body-cta-link\" data-module=\"fig-cta-link\" data-context=\"was @visible\">\n    <a class=\"fig-body-cta-link__link\" href=\"https:\/\/www.lefigaro.fr\/politique\/sondage-emmanuel-macron-encore-plus-impopulaire-que-pendant-la-crise-des-gilets-jaunes-20250903\" target=\"_self\" rel=\"follow noopener\" data-js-gtm=\"{&quot;event&quot;:&quot;customEventGA4&quot;,&quot;eventName&quot;:&quot;click_navigation&quot;,&quot;button_action&quot;:&quot;crossclick&quot;,&quot;feature&quot;:&quot;Contextuel_bouton&quot;,&quot;feature_details&quot;:&quot;NOTRE ARTICLE&quot;,&quot;link_url&quot;:&quot;https:\\\/\\\/www.lefigaro.fr\\\/politique\\\/sondage-emmanuel-macron-encore-plus-impopulaire-que-pendant-la-crise-des-gilets-jaunes-20250903&quot;}\"><br \/>\n                NOTRE ARTICLE<br \/>\n    <\/a>\n<\/p>\n<p>La photo \u00e0 retenir<\/p>\n<p>    Des milliers de maisons ont \u00e9t\u00e9 d\u00e9truites, tandis que les routes endommag\u00e9es ou bloqu\u00e9es compliquent les op\u00e9rations de sauvetage qui se poursuivent pour tenter de retrouver des survivants sous les d\u00e9combres apr\u00e8s le s\u00e9isme qui a frapp\u00e9 l\u2019est de l\u2019Afghanistan.<br \/>\n                Wakil KOHSAR \/ AFP<\/p>\n<p>La vid\u00e9o du jour<\/p>\n","protected":false},"excerpt":{"rendered":"LE POINT DE MIDI &#8211; Retrouvez l\u2019essentiel de l\u2019actualit\u00e9 parue ce mercredi 3 septembre au matin sur notre&hellip;\n","protected":false},"author":2,"featured_media":363107,"comment_status":"","ping_status":"","sticky":false,"template":"","format":"standard","meta":{"footnotes":""},"categories":[5],"tags":[11,141,1011,27,14,21426,12,132,364,135,28],"class_list":{"0":"post-363106","1":"post","2":"type-post","3":"status-publish","4":"format-standard","5":"has-post-thumbnail","7":"category-international","8":"tag-actualites","9":"tag-chatgpt","10":"tag-fr","11":"tag-france","12":"tag-international","13":"tag-mercosur","14":"tag-news","15":"tag-russie","16":"tag-union-europeenne","17":"tag-vladimir-poutine","18":"tag-world"},"share_on_mastodon":{"url":"https:\/\/pubeurope.com\/@fr\/115140101687605710","error":""},"_links":{"self":[{"href":"https:\/\/www.europesays.com\/fr\/wp-json\/wp\/v2\/posts\/363106","targetHints":{"allow":["GET"]}}],"collection":[{"href":"https:\/\/www.europesays.com\/fr\/wp-json\/wp\/v2\/posts"}],"about":[{"href":"https:\/\/www.europesays.com\/fr\/wp-json\/wp\/v2\/types\/post"}],"author":[{"embeddable":true,"href":"https:\/\/www.europesays.com\/fr\/wp-json\/wp\/v2\/users\/2"}],"replies":[{"embeddable":true,"href":"https:\/\/www.europesays.com\/fr\/wp-json\/wp\/v2\/comments?post=363106"}],"version-history":[{"count":0,"href":"https:\/\/www.europesays.com\/fr\/wp-json\/wp\/v2\/posts\/363106\/revisions"}],"wp:featuredmedia":[{"embeddable":true,"href":"https:\/\/www.europesays.com\/fr\/wp-json\/wp\/v2\/media\/363107"}],"wp:attachment":[{"href":"https:\/\/www.europesays.com\/fr\/wp-json\/wp\/v2\/media?parent=363106"}],"wp:term":[{"taxonomy":"category","embeddable":true,"href":"https:\/\/www.europesays.com\/fr\/wp-json\/wp\/v2\/categories?post=363106"},{"taxonomy":"post_tag","embeddable":true,"href":"https:\/\/www.europesays.com\/fr\/wp-json\/wp\/v2\/tags?post=363106"}],"curies":[{"name":"wp","href":"https:\/\/api.w.org\/{rel}","templated":true}]}}