{"id":363108,"date":"2025-09-03T11:21:10","date_gmt":"2025-09-03T11:21:10","guid":{"rendered":"https:\/\/www.europesays.com\/fr\/363108\/"},"modified":"2025-09-03T11:21:10","modified_gmt":"2025-09-03T11:21:10","slug":"au-proces-de-lex-policier-de-la-brigade-de-protection-des-mineurs-accuse-de-viols-les-larmes-du-collegue-qui-la-demasque","status":"publish","type":"post","link":"https:\/\/www.europesays.com\/fr\/363108\/","title":{"rendered":"Au proc\u00e8s de l\u2019ex-policier de la brigade de protection des mineurs accus\u00e9 de viols, les larmes du coll\u00e8gue qui l\u2019a d\u00e9masqu\u00e9"},"content":{"rendered":"\n<p class=\"article__paragraph  \">A la brigade des mineurs de Marseille, on les avait baptis\u00e9s \u00ab\u00a0Tic et Tac\u00a0\u00bb, deux jumeaux professionnels arriv\u00e9s ensemble \u00e0 l\u2019automne 2018. Ils partageaient le m\u00eame bureau, le m\u00eame engagement dans la protection de l\u2019enfance et m\u00eame de l\u2019amiti\u00e9.\u00a0Devant la cour criminelle des Bouches-du-Rh\u00f4ne, tout d\u00e9sormais les oppose. Julien\u00a0P.<strong> <\/strong>occupe le box des accus\u00e9s, d\u00e9tenu depuis quatre ans, jug\u00e9 pour des viols commis en\u00a02018 sur deux gamins des rues de Manille et pour la d\u00e9tention de milliers d\u2019images p\u00e9dopornographiques.\u00a0A l\u2019ouverture de son proc\u00e8s, lundi 1er\u00a0septembre, l\u2019ex-policier s\u2019est d\u00e9clar\u00e9 coupable de toutes les accusations retenues contre lui.<\/p>\n<p>                              Lire aussi |  Article r\u00e9serv\u00e9 \u00e0 nos abonn\u00e9s  <a href=\"https:\/\/www.lemonde.fr\/societe\/article\/2025\/09\/01\/pedocriminalite-un-ex-policier-de-la-brigade-de-protection-des-mineurs-en-proces-pour-viols_6637989_3224.html\" class=\"js-article-read-also catcher--favoris__link\" data-premium=\"1\" id=\"article-title-3435996\" rel=\"nofollow noopener\" target=\"_blank\">Un ex-policier de la brigade de protection des mineurs poursuivi pour viols et agressions sexuelles sur deux enfants<\/a>    <\/p>\n<p>   Lire plus tard  <\/p>\n<p class=\"article__paragraph  \">Christophe\u00a0A. est, lui, \u00e0 la barre des t\u00e9moins, mardi. Il raconte comment il a \u00ab\u00a0d\u00e9masqu\u00e9 un p\u00e9dophile\u00a0infiltr\u00e9\u00a0\u00bb au sein du service, mais il ne contient pas ses larmes lorsqu\u2019il explique le prix qu\u2019il a pay\u00e9 pour \u00ab\u00a0avoir fait le travail\u00a0\u00bb. Seul contre tous au point de devenir \u00ab\u00a0un paria\u00a0\u00bb, \u00ab\u00a0celui qui a mis le bazar dans cette affaire\u00a0\u00bb. M\u00eame lorsque Julien\u00a0P. avait \u00e9t\u00e9 incarc\u00e9r\u00e9, aux yeux de certains coll\u00e8gues, il \u00e9tait encore \u00ab\u00a0le d\u00e9lateur\u00a0\u00bb.<\/p>\n<p class=\"article__paragraph  \">Christophe\u00a0A.\u00a0\u00e9num\u00e8re les alertes qui ont transform\u00e9 le doute en certitude. En f\u00e9vrier\u00a02020, Julien\u00a0P., qui est aussi pr\u00e9sident de l\u2019ONG Virlanie France, dont la mission est l\u2019aide aux enfants des rues \u00e0 Manille, poste sur la boucle WhatsApp de son groupe d\u2019enqu\u00eateurs la photo\u00a0d\u2019un enfant philippin, fier de montrer un dessin cens\u00e9 repr\u00e9senter un paysage de montagne. Mais, \u00e0 y regarder mieux, l\u2019image qui s\u2019affiche sur les \u00e9crans de la cour montre une femme allong\u00e9e, les jambes \u00e9cart\u00e9es. Sur son\u00a0compte Facebook, Julien\u00a0P. diffuse des photos de plages ou de randonn\u00e9es naturistes dans les calanques. \u00ab\u00a0J\u2019ai des doutes, des choses m\u2019intriguent, mais ma cheffe de groupe me dit qu\u2019il fait bien ce qu\u2019il veut dans le priv\u00e9\u00a0\u00bb, explique Christophe\u00a0A.<\/p>\n<p>           \u00ab\u00a0Intouchable\u00a0\u00bb           <\/p>\n<p class=\"article__paragraph  \">Le d\u00e9clencheur de l\u2019affaire, ce sont des messages tendancieux \u00e9crits en \u00ab\u00a0mode ado\u00a0\u00bb que, tard le soir, Julien\u00a0P. adresse \u00e0 un gar\u00e7on de 17\u00a0ans amen\u00e9 \u00e0 la brigade car il voulait d\u00e9poser plainte pour un viol dans un squat \u2013 des images ont \u00e9t\u00e9 diffus\u00e9es sur les r\u00e9seaux sociaux.\u00a0Les SMS du policier alertent la directrice du foyer qui h\u00e9berge le jeune homme, mais\u00a0la hi\u00e9rarchie de Julien\u00a0P., elle, ne s\u2019alarme pas, tout en d\u00e9celant \u00ab\u00a0un d\u00e9but de drague\u00a0\u00bb. Mais, apr\u00e8s tout, le jeune de 17\u00a0ans est majeur sexuel, \u00ab\u00a0p\u00e9nalement, il n\u2019y a rien \u00e0 reprocher et ce n\u2019est pas le premier policier qui envoie un texto \u00e0 un t\u00e9moin\u00a0\u00bb, tranche la cheffe de groupe.<\/p>\n<p class=\"reading-mode-only \"><strong>Il vous reste 57.94% de cet article \u00e0 lire. La suite est r\u00e9serv\u00e9e aux abonn\u00e9s.<\/strong><\/p>\n","protected":false},"excerpt":{"rendered":"A la brigade des mineurs de Marseille, on les avait baptis\u00e9s \u00ab\u00a0Tic et Tac\u00a0\u00bb, deux jumeaux professionnels arriv\u00e9s&hellip;\n","protected":false},"author":2,"featured_media":363109,"comment_status":"","ping_status":"","sticky":false,"template":"","format":"standard","meta":{"footnotes":""},"categories":[4],"tags":[11,1011,27,12,25],"class_list":{"0":"post-363108","1":"post","2":"type-post","3":"status-publish","4":"format-standard","5":"has-post-thumbnail","7":"category-france","8":"tag-actualites","9":"tag-fr","10":"tag-france","11":"tag-news","12":"tag-republique-francaise"},"share_on_mastodon":{"url":"https:\/\/pubeurope.com\/@fr\/115140105653772847","error":""},"_links":{"self":[{"href":"https:\/\/www.europesays.com\/fr\/wp-json\/wp\/v2\/posts\/363108","targetHints":{"allow":["GET"]}}],"collection":[{"href":"https:\/\/www.europesays.com\/fr\/wp-json\/wp\/v2\/posts"}],"about":[{"href":"https:\/\/www.europesays.com\/fr\/wp-json\/wp\/v2\/types\/post"}],"author":[{"embeddable":true,"href":"https:\/\/www.europesays.com\/fr\/wp-json\/wp\/v2\/users\/2"}],"replies":[{"embeddable":true,"href":"https:\/\/www.europesays.com\/fr\/wp-json\/wp\/v2\/comments?post=363108"}],"version-history":[{"count":0,"href":"https:\/\/www.europesays.com\/fr\/wp-json\/wp\/v2\/posts\/363108\/revisions"}],"wp:featuredmedia":[{"embeddable":true,"href":"https:\/\/www.europesays.com\/fr\/wp-json\/wp\/v2\/media\/363109"}],"wp:attachment":[{"href":"https:\/\/www.europesays.com\/fr\/wp-json\/wp\/v2\/media?parent=363108"}],"wp:term":[{"taxonomy":"category","embeddable":true,"href":"https:\/\/www.europesays.com\/fr\/wp-json\/wp\/v2\/categories?post=363108"},{"taxonomy":"post_tag","embeddable":true,"href":"https:\/\/www.europesays.com\/fr\/wp-json\/wp\/v2\/tags?post=363108"}],"curies":[{"name":"wp","href":"https:\/\/api.w.org\/{rel}","templated":true}]}}