{"id":363110,"date":"2025-09-03T11:22:11","date_gmt":"2025-09-03T11:22:11","guid":{"rendered":"https:\/\/www.europesays.com\/fr\/363110\/"},"modified":"2025-09-03T11:22:11","modified_gmt":"2025-09-03T11:22:11","slug":"des-orages-forts-associes-a-un-risque-de-tornades-localisees-meteo-agitee-ce-mercredi-en-normandie-ouest-france","status":"publish","type":"post","link":"https:\/\/www.europesays.com\/fr\/363110\/","title":{"rendered":"Des orages forts associ\u00e9s \u00e0 un risque de tornades localis\u00e9es : m\u00e9t\u00e9o agit\u00e9e ce mercredi en Normandie &#8211; Ouest-France"},"content":{"rendered":"<ol>\n<li><a href=\"https:\/\/news.google.com\/rss\/articles\/CBMi_gFBVV95cUxOSnFTSUhDRkxtUVhMd1lpbVRHUEJlaEdRcHI5S1R5dktKbkIxaVg2MlZtbnQtb24xWmtFUHYwdzI2Z2FUekQ5V2ZSTEFJTXBvWFU4NmR0MUFNdjlYamgxUERHSzB4c2pmRm9lcnVGbWVyX2NGczhYeDRvTWUzY2ZxUGk2aFp5ck12M3YwVFBqdF9HLWRvSXczZ21PMlpxLXRzMXQ0LUNzOWoybkpIVjI1SW5RV3UzcFlxbFByN3dqbHBJdFZoVzlOcnlHYW1oM3pkeGpQalpNTklYZDNLRGw1ODNIbzhCQkpERHAwTi1LN09OdGdEZHJycWMtdnZiZw?oc=5\" target=\"_blank\" rel=\"nofollow noopener\">Des orages forts associ\u00e9s \u00e0 un risque de tornades localis\u00e9es : m\u00e9t\u00e9o agit\u00e9e ce mercredi en Normandie<\/a>&nbsp;&nbsp;Ouest-France<\/li>\n<li><a href=\"https:\/\/news.google.com\/rss\/articles\/CBMitwFBVV95cUxNaE1XZjVWWl9uYkNRcWc3eVFpZHkxTkhrSFlaY3VNWFQwWnNiZXpQWGFYZDVoRlNPRXpxOFNQcjdILWdvU2Z1SU9EN3pZSS1ySUZlY3VtcHFBYms2LWFNSUFVWEF0cFlMdHZmczdKRGxGcG1FNVNIeDZFZl9BTlRBX1Jic2VKUnVpNS1RV3JiTlRSVEVGc2hDSHBTU2x0cm5WNE9yRFJhdi01TGp6eENKUzBwUDl0OUU?oc=5\" target=\"_blank\" rel=\"nofollow noopener\">Alerte M\u00e9t\u00e9o : Orages et vent fort mercredi au nord-ouest, jeudi au centre-est<\/a>&nbsp;&nbsp;La Cha\u00eene M\u00e9t\u00e9o<\/li>\n<li><a href=\"https:\/\/news.google.com\/rss\/articles\/CBMinwJBVV95cUxNQndzN01vQUUyX2tMdHlTNWpsMHZnOGFVWm5Fbk44TFc2SUdCTS1uNXY5bXNiSFNsQlNkMnUtTmR5VDREbmZLX1pMOTlHT2JBQmZJaUg3V2ktalkxTjg2N0o3R0kyZC1UMkpaZUhVOFAtZS0zaHh4Vng4MnhNWHYtczlSSmxEc0MyeHZoR2JfcFJqM2x2VUpwcnlCWEl4S29lLUhkMk5qM3VyMVVtMkhPV2xjaVlhQ2lWVERtQnc4T01LaHpZT3RIY1BEYnF2YnhIR3o2RFpKQ0FHR2pmemNhSWExc3pHYnNzOG5hNlZvZV9VZmZ1UDFpMV9kdllEMkZSNjR3Y3lHU0VUb0dxLXVodlU1MHViTy1PdU5tcDVwWQ?oc=5\" target=\"_blank\" rel=\"nofollow noopener\">Loire-Atlantique en vigilance \u00ab vent violent \u00bb: la circulation modifi\u00e9e sur le pont de Saint-Nazaire<\/a>&nbsp;&nbsp;Ouest-France<\/li>\n<li><a href=\"https:\/\/news.google.com\/rss\/articles\/CBMi6wFBVV95cUxPcVNOVFhGZmlHdU5YV18zUldyendJVGliRWd6LUt6ckd6ZHloeGlqWDRLdE5ZM0FZd0JKcVdmSnZZUmNxRUtBdjhzVXVaQ3AtRDkyN0ZmdFlxMUotWkVxM003cWE1Q09BUmNEamtmNXdwZjViS3lVaE5vazAwR1R6ZHJEWXNfWml3N0hTanVPRjBtR08xVlUyM2JaVllFQldqZlFDTHBtWUFiSjBYTDFsWWx4UkRsTkNXcWJHWjlKTXIxVzdNLUhGQWlNc0ZCck14QV9IekVRUkFHNzlub0pzTlR0aXh6aGI1NDBN?oc=5\" target=\"_blank\" rel=\"nofollow noopener\">Des vents jusqu&rsquo;\u00e0 130 km\/h : ces onze d\u00e9partements o\u00f9 de fortes rafales sont attendues ce mercredi<\/a>&nbsp;&nbsp;La Montagne<\/li>\n<li><a href=\"https:\/\/news.google.com\/rss\/articles\/CBMi8wFBVV95cUxPTU5JV1JURmNZUVgzS1hYcmV6bXlWZi1EUm5FU19BV2lsVHZUcEFmM2VRZDdpSVF2M2p6Rm1zYXJuMWxIc3ZhcDVUN2ZLLW42ckhjbUx1cnlqWS02VlhiYVFPaDNNRmVsNk8waHZQbW5CQUZja2RWUWp3ak1GN0ZPNFpKRER6N1FCd0pNQlpMbHlwR0doLTNlVzc3WHZWWlVXOE5QWmlMMDhkbURteFFEZzltaG1DQThtQUYtVUtMS3JwWlFQQkNRZk5WdVpfdzJLQ3FqMk1BRHVjMWZBQ3ZZMW9SQkhmWUM1YTlFazhLSS05M1k?oc=5\" target=\"_blank\" rel=\"nofollow noopener\">Un risque de tornades de la Normandie aux Hauts-de-France en passant par l\u2019\u00cele-de-France<\/a>&nbsp;&nbsp;Le Parisien<\/li>\n<\/ol>\n","protected":false},"excerpt":{"rendered":"Des orages forts associ\u00e9s \u00e0 un risque de tornades localis\u00e9es : m\u00e9t\u00e9o agit\u00e9e ce mercredi en Normandie&nbsp;&nbsp;Ouest-France Alerte&hellip;\n","protected":false},"author":2,"featured_media":1445,"comment_status":"","ping_status":"","sticky":false,"template":"","format":"standard","meta":{"footnotes":""},"categories":[2],"tags":[11,1011,27,12],"class_list":{"0":"post-363110","1":"post","2":"type-post","3":"status-publish","4":"format-standard","5":"has-post-thumbnail","7":"category-actualites","8":"tag-actualites","9":"tag-fr","10":"tag-france","11":"tag-news"},"share_on_mastodon":{"url":"https:\/\/pubeurope.com\/@fr\/115140109557041001","error":""},"_links":{"self":[{"href":"https:\/\/www.europesays.com\/fr\/wp-json\/wp\/v2\/posts\/363110","targetHints":{"allow":["GET"]}}],"collection":[{"href":"https:\/\/www.europesays.com\/fr\/wp-json\/wp\/v2\/posts"}],"about":[{"href":"https:\/\/www.europesays.com\/fr\/wp-json\/wp\/v2\/types\/post"}],"author":[{"embeddable":true,"href":"https:\/\/www.europesays.com\/fr\/wp-json\/wp\/v2\/users\/2"}],"replies":[{"embeddable":true,"href":"https:\/\/www.europesays.com\/fr\/wp-json\/wp\/v2\/comments?post=363110"}],"version-history":[{"count":0,"href":"https:\/\/www.europesays.com\/fr\/wp-json\/wp\/v2\/posts\/363110\/revisions"}],"wp:featuredmedia":[{"embeddable":true,"href":"https:\/\/www.europesays.com\/fr\/wp-json\/wp\/v2\/media\/1445"}],"wp:attachment":[{"href":"https:\/\/www.europesays.com\/fr\/wp-json\/wp\/v2\/media?parent=363110"}],"wp:term":[{"taxonomy":"category","embeddable":true,"href":"https:\/\/www.europesays.com\/fr\/wp-json\/wp\/v2\/categories?post=363110"},{"taxonomy":"post_tag","embeddable":true,"href":"https:\/\/www.europesays.com\/fr\/wp-json\/wp\/v2\/tags?post=363110"}],"curies":[{"name":"wp","href":"https:\/\/api.w.org\/{rel}","templated":true}]}}