{"id":363111,"date":"2025-09-03T11:23:15","date_gmt":"2025-09-03T11:23:15","guid":{"rendered":"https:\/\/www.europesays.com\/fr\/363111\/"},"modified":"2025-09-03T11:23:15","modified_gmt":"2025-09-03T11:23:15","slug":"saint-etienne-un-centre-dimagerie-medicale-ouvre-dans-la-galerie-dorian","status":"publish","type":"post","link":"https:\/\/www.europesays.com\/fr\/363111\/","title":{"rendered":"Saint-\u00c9tienne : un centre d&rsquo;imagerie m\u00e9dicale ouvre dans la galerie Dorian"},"content":{"rendered":"<p>Le centre de radiologie La Maison de la Radio d\u00e9m\u00e9nage et devient le centre d&rsquo;imagerie m\u00e9dicale Dorian, dans l&rsquo;ancien centre commercial, \u00e0 Saint-\u00c9tienne. Il ouvre ses portes ce jeudi 4 septembre.<\/p>\n<p>Un nouvel occupant pour la <b>galerie Dorian<\/b>.<\/p>\n<p>Apr\u00e8s la reprise, en juillet 2024, du centre de sant\u00e9 Cosem par le groupe Ramsay Sant\u00e9, l&rsquo;offre de soins s&rsquo;\u00e9toffe au sein de l&rsquo;ancien centre commercial, \u00e0 <b>Saint-\u00c9tienne<\/b>.<\/p>\n<p>Jusqu&rsquo;\u00e0 80 patients par jour<\/p>\n<p>Un <b>centre d&rsquo;imagerie m\u00e9dicale<\/b> ouvre, en effet, ses portes <b>ce jeudi 4 septembre<\/b>. Un espace \u00ab\u00a0moderne et convivial\u00a0\u00bb qui permettra d&rsquo;accueillir environ 80 patients par jour.<\/p>\n<p>\u00ab\u00a0Dot\u00e9 d&rsquo;un plateau technique complet, il permet de r\u00e9aliser l&rsquo;ensemble des examens d&rsquo;imagerie courante en radiologie conventionnelle (<b>radiographie, mammographie, \u00e9chographie, panoramique dentaire<\/b>) dans des conditions optimales de qualit\u00e9 et de s\u00e9curit\u00e9\u00a0\u00bb, d\u00e9taille le P\u00f4le d&rsquo;Imagerie de Saint-\u00c9tienne ELSAN.<\/p>\n<p>Le centre sera ouvert <b>du lundi au vendredi, de 8h \u00e0 12h et de 13h30 \u00e0 18h<\/b>. Vous pouvez prendre rendez-vous via Doctolib ou par t\u00e9l\u00e9phone au 04.77.34.38.18.<\/p>\n<p><img loading=\"lazy\" decoding=\"async\" src=\"https:\/\/www.europesays.com\/fr\/wp-content\/uploads\/2025\/09\/1756898595_856_img\" width=\"350\" height=\"200\" border=\"0\" title=\"La piscine Grouchy, \u00c3\u00a0 Saint-\u00c3\u0089tienne\"\/><\/p>\n<p>\u25baSoci\u00e9t\u00e9<\/p>\n<p style=\"font-size: 22px;\"><b>Saint-\u00c9tienne : apr\u00e8s un an de travaux, la piscine Grouchy rouvre ce mercredi<\/b><\/p>\n<p>Apr\u00e8s douze mois de travaux et plus de trois millions&#8230;<\/p>\n<p><\/p>\n","protected":false},"excerpt":{"rendered":"Le centre de radiologie La Maison de la Radio d\u00e9m\u00e9nage et devient le centre d&rsquo;imagerie m\u00e9dicale Dorian, dans&hellip;\n","protected":false},"author":2,"featured_media":363112,"comment_status":"","ping_status":"","sticky":false,"template":"","format":"standard","meta":{"footnotes":""},"categories":[9653],"tags":[1111,11,2430,1777,674,1011,27,49801,43437,12,49802,25,9920,4001,585],"class_list":{"0":"post-363111","1":"post","2":"type-post","3":"status-publish","4":"format-standard","5":"has-post-thumbnail","7":"category-saint-etienne","8":"tag-actu","9":"tag-actualites","10":"tag-auvergne-rhone-alpes","11":"tag-eu","12":"tag-europe","13":"tag-fr","14":"tag-france","15":"tag-galerie-dorian","16":"tag-imagerie","17":"tag-news","18":"tag-radiologie","19":"tag-republique-francaise","20":"tag-saint-tienne","21":"tag-saint-etienne","22":"tag-sant"},"share_on_mastodon":{"url":"https:\/\/pubeurope.com\/@fr\/115140113984926321","error":""},"_links":{"self":[{"href":"https:\/\/www.europesays.com\/fr\/wp-json\/wp\/v2\/posts\/363111","targetHints":{"allow":["GET"]}}],"collection":[{"href":"https:\/\/www.europesays.com\/fr\/wp-json\/wp\/v2\/posts"}],"about":[{"href":"https:\/\/www.europesays.com\/fr\/wp-json\/wp\/v2\/types\/post"}],"author":[{"embeddable":true,"href":"https:\/\/www.europesays.com\/fr\/wp-json\/wp\/v2\/users\/2"}],"replies":[{"embeddable":true,"href":"https:\/\/www.europesays.com\/fr\/wp-json\/wp\/v2\/comments?post=363111"}],"version-history":[{"count":0,"href":"https:\/\/www.europesays.com\/fr\/wp-json\/wp\/v2\/posts\/363111\/revisions"}],"wp:featuredmedia":[{"embeddable":true,"href":"https:\/\/www.europesays.com\/fr\/wp-json\/wp\/v2\/media\/363112"}],"wp:attachment":[{"href":"https:\/\/www.europesays.com\/fr\/wp-json\/wp\/v2\/media?parent=363111"}],"wp:term":[{"taxonomy":"category","embeddable":true,"href":"https:\/\/www.europesays.com\/fr\/wp-json\/wp\/v2\/categories?post=363111"},{"taxonomy":"post_tag","embeddable":true,"href":"https:\/\/www.europesays.com\/fr\/wp-json\/wp\/v2\/tags?post=363111"}],"curies":[{"name":"wp","href":"https:\/\/api.w.org\/{rel}","templated":true}]}}