{"id":363117,"date":"2025-09-03T11:26:10","date_gmt":"2025-09-03T11:26:10","guid":{"rendered":"https:\/\/www.europesays.com\/fr\/363117\/"},"modified":"2025-09-03T11:26:10","modified_gmt":"2025-09-03T11:26:10","slug":"si-mathieu-klein-se-represente-une-alliance-avec-lfi-est-elle-possible-il-repond","status":"publish","type":"post","link":"https:\/\/www.europesays.com\/fr\/363117\/","title":{"rendered":"si Mathieu Klein se repr\u00e9sente, une alliance avec LFI est-elle possible ? Il r\u00e9pond"},"content":{"rendered":"<p>            Par<br \/>\n        <strong><br \/>\n            <a href=\"https:\/\/actu.fr\/auteur\/amandine-mehl\" title=\"Consulter tous les articles de Amandine Mehl\" target=\"_blank\" rel=\"noopener\">Amandine Mehl<\/a><br \/>\n        <\/strong><\/p>\n<p>        Publi\u00e9 le<\/p>\n<p>            3 sept. 2025 \u00e0 13h02        <\/p>\n<p>S\u2019il <strong>n\u2019a pas officialis\u00e9 sa candidature<\/strong> \u00e0 sa propre r\u00e9\u00e9lection \u00e0 la t\u00eate de la mairie de Nancy, dans le cadre des <a href=\"https:\/\/actu.fr\/tag\/municipales-2026\" target=\"_blank\" rel=\"noopener\">municipales 2026<\/a>, <a href=\"https:\/\/actu.fr\/tag\/mathieu-klein\" target=\"_blank\" rel=\"noopener\">Mathieu Klein<\/a> a annonc\u00e9 qu\u2019il <a href=\"https:\/\/actu.fr\/grand-est\/nancy_54395\/municipales-2026-a-nancy-si-mathieu-klein-se-represente-il-devrait-garder-la-majorite-de-son-equipe_63106123.html\" target=\"_blank\" rel=\"noopener\">devrait garder la majorit\u00e9 de son \u00e9quipe<\/a>, les \u00e9lus qui l\u2019entourent souhaitant en effet <strong>se repr\u00e9senter<\/strong>.<\/p>\n<p class=\" wall-content\">D\u00e9j\u00e0 entour\u00e9 de <strong>socialistes<\/strong>, <strong>\u00e9cologistes<\/strong> et <strong>communistes<\/strong>, une alliance avec <a href=\"https:\/\/actu.fr\/grand-est\/nancy_54395\/municipales-2026-a-nancy-lfi-devoile-ses-chefs-de-file-une-main-tendue-pour-l-union-de-la-gauche_62678283.html\" target=\"_blank\" rel=\"noopener\">LFI<\/a>, qui a d\u00e9sign\u00e9 ses chefs de file, est-elle <strong>envisageable<\/strong>\u2009? Le premier magistrat de la cit\u00e9 ducale s\u2019est exprim\u00e9 sur le sujet et a \u00e9t\u00e9 tr\u00e8s clair.<\/p>\n<p>Un non-sujet pour Mathieu Klein<\/p>\n<p class=\" wall-content\">\u00ab\u2009Le meilleur moyen d\u2019analyser le rapport avec les Insoumis, c\u2019est de <strong>voir comment ils consid\u00e8rent le travail que nous faisons<\/strong>\u2009\u00bb, a-t-il indiqu\u00e9, ajoutant esp\u00e9rer que cette question serait <strong>un non-sujet<\/strong> et que chacun \u00ab\u2009d\u00e9fendra ses couleurs\u2009\u00bb.<\/p>\n<blockquote class=\"ac-article-quote wall-content\">\n<p>En tout cas, j&rsquo;ai pos\u00e9 de mon point de vue ce que doivent \u00eatre les bornes. Ce n&rsquo;est pas li\u00e9 \u00e0 des enjeux interpersonnels, mais je pense qu&rsquo;en politique, il faut de la clart\u00e9.<\/p>\n<p>    <strong>Mathieu Klein<\/strong><br \/>\n        Maire de Nancy    <\/p><\/blockquote>\n<p class=\" wall-content\">\u00ab\u2009Le <strong>p\u00e9rim\u00e8tre de la majorit\u00e9 municipale<\/strong> actuelle me para\u00eet, moi, \u00eatre <strong>un p\u00e9rim\u00e8tre politique tout \u00e0 fait pertinent<\/strong>\u2009\u00bb, a-t-il termin\u00e9.<\/p>\n<p class=\" wall-content\">Personnalisez votre actualit\u00e9 en ajoutant vos villes et m\u00e9dias en favori avec <a href=\"https:\/\/moncompte.actu.fr\" title=\"D\u00e9couvez Mon Actu\" rel=\"nofollow noopener\" data-trk=\"{&quot;cta&quot;:{&quot;action&quot;:&quot;https:\\\/\\\/moncompte.actu.fr&quot;,&quot;category&quot;:&quot;mon compte&quot;,&quot;from&quot;:&quot;article footer&quot;,&quot;name&quot;:&quot;Mon actu&quot;,&quot;type&quot;:&quot;cta&quot;}}\" target=\"_blank\">Mon Actu<\/a>.<\/p>\n","protected":false},"excerpt":{"rendered":"Par Amandine Mehl Publi\u00e9 le 3 sept. 2025 \u00e0 13h02 S\u2019il n\u2019a pas officialis\u00e9 sa candidature \u00e0 sa&hellip;\n","protected":false},"author":2,"featured_media":363118,"comment_status":"","ping_status":"","sticky":false,"template":"","format":"standard","meta":{"footnotes":""},"categories":[9635],"tags":[1111,11,4188,1777,674,1011,27,775,1023,14606,1702,12,316,25],"class_list":{"0":"post-363117","1":"post","2":"type-post","3":"status-publish","4":"format-standard","5":"has-post-thumbnail","7":"category-nancy","8":"tag-actu","9":"tag-actualites","10":"tag-elections-municipales","11":"tag-eu","12":"tag-europe","13":"tag-fr","14":"tag-france","15":"tag-grand-est","16":"tag-la-france-insoumise-lfi","17":"tag-mathieu-klein","18":"tag-nancy","19":"tag-news","20":"tag-politique","21":"tag-republique-francaise"},"share_on_mastodon":{"url":"https:\/\/pubeurope.com\/@fr\/115140125245737713","error":""},"_links":{"self":[{"href":"https:\/\/www.europesays.com\/fr\/wp-json\/wp\/v2\/posts\/363117","targetHints":{"allow":["GET"]}}],"collection":[{"href":"https:\/\/www.europesays.com\/fr\/wp-json\/wp\/v2\/posts"}],"about":[{"href":"https:\/\/www.europesays.com\/fr\/wp-json\/wp\/v2\/types\/post"}],"author":[{"embeddable":true,"href":"https:\/\/www.europesays.com\/fr\/wp-json\/wp\/v2\/users\/2"}],"replies":[{"embeddable":true,"href":"https:\/\/www.europesays.com\/fr\/wp-json\/wp\/v2\/comments?post=363117"}],"version-history":[{"count":0,"href":"https:\/\/www.europesays.com\/fr\/wp-json\/wp\/v2\/posts\/363117\/revisions"}],"wp:featuredmedia":[{"embeddable":true,"href":"https:\/\/www.europesays.com\/fr\/wp-json\/wp\/v2\/media\/363118"}],"wp:attachment":[{"href":"https:\/\/www.europesays.com\/fr\/wp-json\/wp\/v2\/media?parent=363117"}],"wp:term":[{"taxonomy":"category","embeddable":true,"href":"https:\/\/www.europesays.com\/fr\/wp-json\/wp\/v2\/categories?post=363117"},{"taxonomy":"post_tag","embeddable":true,"href":"https:\/\/www.europesays.com\/fr\/wp-json\/wp\/v2\/tags?post=363117"}],"curies":[{"name":"wp","href":"https:\/\/api.w.org\/{rel}","templated":true}]}}