{"id":363119,"date":"2025-09-03T11:27:10","date_gmt":"2025-09-03T11:27:10","guid":{"rendered":"https:\/\/www.europesays.com\/fr\/363119\/"},"modified":"2025-09-03T11:27:10","modified_gmt":"2025-09-03T11:27:10","slug":"le-corps-dun-homme-menotte-retrouve-flottant-dans-lanse-magaud-a-toulon","status":"publish","type":"post","link":"https:\/\/www.europesays.com\/fr\/363119\/","title":{"rendered":"Le corps d&rsquo;un homme menott\u00e9 retrouv\u00e9 flottant dans l&rsquo;anse Magaud \u00e0 Toulon"},"content":{"rendered":"<p>Le corps d&rsquo;un homme d&rsquo;une quarantaine d&rsquo;ann\u00e9es a \u00e9t\u00e9 d\u00e9couvert ce mercredi en milieu de matin\u00e9e, flottant dans l&rsquo;anse Magaud \u00e0 Toulon. Il pourrait s&rsquo;agir d&rsquo;un policier, en poste \u00e0 Paris, mais originaire de Toulon, qui aurait mis fin \u00e0 ses jours.<\/p>\n<p>Le corps a \u00e9t\u00e9 aper\u00e7u, flottant dans l&rsquo;anse Magaud par un promeneur qui a donn\u00e9 l&rsquo;alerte. La police s&rsquo;est imm\u00e9diatement rendue sur place pour \u00ab\u00a0geler\u00a0\u00bb la sc\u00e8ne et prot\u00e9ger les indices. L&rsquo;homme \u00e9tait menott\u00e9 dans le dos et il avait les pieds entrav\u00e9s par des serres flex. Il s&rsquo;agirait d&rsquo;un suicide.<\/p>\n<p>Sur la plage, une carte de police, un brassard, une arme et une lettre ont \u00e9t\u00e9 retrouv\u00e9s. \u00ab\u00a0Tout indique qu&rsquo;il s&rsquo;agit d&rsquo;un suicide\u00a0\u00bb commente le Procureur de la R\u00e9publique de Toulon \u00e0 Ici Provence. \u00ab\u00a0Le policier \u00e9tait en poste \u00e0 Paris\u00a0\u00bb poursuit Samuel Finielz.<\/p>\n<p>L&rsquo;acc\u00e8s \u00e0 l&rsquo;anse Magaud \u00e0 Toulon \u00e9tait impossible par la corniche ce mercredi d\u00e8s le milieu de matin\u00e9e apr\u00e8s la d\u00e9couverte du corps. La police nationale \u00e9tait toujours sur place en fin de matin\u00e9e et une m\u00e9decin l\u00e9giste s&rsquo;est rendue sur les lieux pour effectuer les constatations d&rsquo;usage.<\/p>\n<p>Selon les premi\u00e8res constatations, la victime se serait elle-m\u00eame entrav\u00e9e, puis aurait saut\u00e9 de la falaise.<\/p>\n","protected":false},"excerpt":{"rendered":"Le corps d&rsquo;un homme d&rsquo;une quarantaine d&rsquo;ann\u00e9es a \u00e9t\u00e9 d\u00e9couvert ce mercredi en milieu de matin\u00e9e, flottant dans&hellip;\n","protected":false},"author":2,"featured_media":363120,"comment_status":"","ping_status":"","sticky":false,"template":"","format":"standard","meta":{"footnotes":""},"categories":[9619],"tags":[1111,11,1777,674,1011,27,12,882,25,2310],"class_list":{"0":"post-363119","1":"post","2":"type-post","3":"status-publish","4":"format-standard","5":"has-post-thumbnail","7":"category-toulon","8":"tag-actu","9":"tag-actualites","10":"tag-eu","11":"tag-europe","12":"tag-fr","13":"tag-france","14":"tag-news","15":"tag-provence-alpes-cote-dazur","16":"tag-republique-francaise","17":"tag-toulon"},"share_on_mastodon":{"url":"https:\/\/pubeurope.com\/@fr\/115140129410953052","error":""},"_links":{"self":[{"href":"https:\/\/www.europesays.com\/fr\/wp-json\/wp\/v2\/posts\/363119","targetHints":{"allow":["GET"]}}],"collection":[{"href":"https:\/\/www.europesays.com\/fr\/wp-json\/wp\/v2\/posts"}],"about":[{"href":"https:\/\/www.europesays.com\/fr\/wp-json\/wp\/v2\/types\/post"}],"author":[{"embeddable":true,"href":"https:\/\/www.europesays.com\/fr\/wp-json\/wp\/v2\/users\/2"}],"replies":[{"embeddable":true,"href":"https:\/\/www.europesays.com\/fr\/wp-json\/wp\/v2\/comments?post=363119"}],"version-history":[{"count":0,"href":"https:\/\/www.europesays.com\/fr\/wp-json\/wp\/v2\/posts\/363119\/revisions"}],"wp:featuredmedia":[{"embeddable":true,"href":"https:\/\/www.europesays.com\/fr\/wp-json\/wp\/v2\/media\/363120"}],"wp:attachment":[{"href":"https:\/\/www.europesays.com\/fr\/wp-json\/wp\/v2\/media?parent=363119"}],"wp:term":[{"taxonomy":"category","embeddable":true,"href":"https:\/\/www.europesays.com\/fr\/wp-json\/wp\/v2\/categories?post=363119"},{"taxonomy":"post_tag","embeddable":true,"href":"https:\/\/www.europesays.com\/fr\/wp-json\/wp\/v2\/tags?post=363119"}],"curies":[{"name":"wp","href":"https:\/\/api.w.org\/{rel}","templated":true}]}}