{"id":363123,"date":"2025-09-03T11:29:09","date_gmt":"2025-09-03T11:29:09","guid":{"rendered":"https:\/\/www.europesays.com\/fr\/363123\/"},"modified":"2025-09-03T11:29:09","modified_gmt":"2025-09-03T11:29:09","slug":"redouane-bougheraba-sur-la-scene-de-la-sud-de-france-arena","status":"publish","type":"post","link":"https:\/\/www.europesays.com\/fr\/363123\/","title":{"rendered":"Redouane Bougheraba sur la sc\u00e8ne de la Sud de France Arena"},"content":{"rendered":"<p>            Par<br \/>\n        <strong><br \/>\n            <a href=\"https:\/\/actu.fr\/auteur\/metropoop\" title=\"Consulter tous les articles de R\u00e9daction M\u00e9tropolitain\" rel=\"nofollow noopener\" target=\"_blank\">R\u00e9daction M\u00e9tropolitain<\/a><br \/>\n        <\/strong><\/p>\n<p>        Publi\u00e9 le<\/p>\n<p>            3 sept. 2025 \u00e0 12h31        <\/p>\n<p>Apr\u00e8s avoir \u00e9cum\u00e9 toutes les salles de France et termin\u00e9 en apoth\u00e9ose chez lui, au V\u00e9lodrome, avec son spectacle \u00ab\u00a0On m \u2018appelle Marseille\u00a0\u00bb, en 2024,<strong> Redouane Bougheraba<\/strong> repart sur les planches et est attendu \u00e0 la <strong>Sud de France Arena<\/strong> en 2026. Il pr\u00e9sentera son nouveau show, intitul\u00e9 \u00ab\u00a0Mon premier spectacle\u00a0\u00bb, le<strong> 18 d\u00e9cembre<\/strong>, apr\u00e8s avoir termin\u00e9 sa tourn\u00e9e hexagonale d\u2019un an.\u00a0<\/p>\n<p class=\" wall-content\">Ce sp\u00e9cialiste de l\u2019improvisation avec les spectateurs, connu pour \u00ab\u00a0sniper le premier rang\u00a0\u00bb revient, dans ce nouveau one man show, sur son parcours, \u00e0 travers des anecdotes d\u00e9sopilantes. Un bon moment de rigolade en perspective.\u00a0<\/p>\n<p class=\" wall-content\"><strong>Pour r\u00e9server vos places, direction le site de la billetterie <a href=\"https:\/\/www.ticketmaster.fr\/fr\/manifestation\/redouane-bougheraba-billet\/idmanif\/634238\/idtier\/21993963\" rel=\"nofollow noopener\" target=\"_blank\">ici<\/a>.\u00a0<\/strong><\/p>\n<p class=\" wall-content\">Personnalisez votre actualit\u00e9 en ajoutant vos villes et m\u00e9dias en favori avec <a href=\"https:\/\/moncompte.actu.fr\" title=\"D\u00e9couvez Mon Actu\" rel=\"nofollow noopener\" data-trk=\"{&quot;cta&quot;:{&quot;action&quot;:&quot;https:\\\/\\\/moncompte.actu.fr&quot;,&quot;category&quot;:&quot;mon compte&quot;,&quot;from&quot;:&quot;article footer&quot;,&quot;name&quot;:&quot;Mon actu&quot;,&quot;type&quot;:&quot;cta&quot;}}\" target=\"_blank\">Mon Actu<\/a>.<\/p>\n","protected":false},"excerpt":{"rendered":"Par R\u00e9daction M\u00e9tropolitain Publi\u00e9 le 3 sept. 2025 \u00e0 12h31 Apr\u00e8s avoir \u00e9cum\u00e9 toutes les salles de France&hellip;\n","protected":false},"author":2,"featured_media":363124,"comment_status":"","ping_status":"","sticky":false,"template":"","format":"standard","meta":{"footnotes":""},"categories":[9599],"tags":[1111,11,1777,674,1011,27,708,1652,2208,12,2680,25],"class_list":{"0":"post-363123","1":"post","2":"type-post","3":"status-publish","4":"format-standard","5":"has-post-thumbnail","7":"category-montpellier","8":"tag-actu","9":"tag-actualites","10":"tag-eu","11":"tag-europe","12":"tag-fr","13":"tag-france","14":"tag-humour","15":"tag-loisirs-culture","16":"tag-montpellier","17":"tag-news","18":"tag-occitanie","19":"tag-republique-francaise"},"share_on_mastodon":{"url":"https:\/\/pubeurope.com\/@fr\/115140137032335683","error":""},"_links":{"self":[{"href":"https:\/\/www.europesays.com\/fr\/wp-json\/wp\/v2\/posts\/363123","targetHints":{"allow":["GET"]}}],"collection":[{"href":"https:\/\/www.europesays.com\/fr\/wp-json\/wp\/v2\/posts"}],"about":[{"href":"https:\/\/www.europesays.com\/fr\/wp-json\/wp\/v2\/types\/post"}],"author":[{"embeddable":true,"href":"https:\/\/www.europesays.com\/fr\/wp-json\/wp\/v2\/users\/2"}],"replies":[{"embeddable":true,"href":"https:\/\/www.europesays.com\/fr\/wp-json\/wp\/v2\/comments?post=363123"}],"version-history":[{"count":0,"href":"https:\/\/www.europesays.com\/fr\/wp-json\/wp\/v2\/posts\/363123\/revisions"}],"wp:featuredmedia":[{"embeddable":true,"href":"https:\/\/www.europesays.com\/fr\/wp-json\/wp\/v2\/media\/363124"}],"wp:attachment":[{"href":"https:\/\/www.europesays.com\/fr\/wp-json\/wp\/v2\/media?parent=363123"}],"wp:term":[{"taxonomy":"category","embeddable":true,"href":"https:\/\/www.europesays.com\/fr\/wp-json\/wp\/v2\/categories?post=363123"},{"taxonomy":"post_tag","embeddable":true,"href":"https:\/\/www.europesays.com\/fr\/wp-json\/wp\/v2\/tags?post=363123"}],"curies":[{"name":"wp","href":"https:\/\/api.w.org\/{rel}","templated":true}]}}