{"id":363129,"date":"2025-09-03T11:35:39","date_gmt":"2025-09-03T11:35:39","guid":{"rendered":"https:\/\/www.europesays.com\/fr\/363129\/"},"modified":"2025-09-03T11:35:39","modified_gmt":"2025-09-03T11:35:39","slug":"sociologie-de-grenoble-sud-global-lalternative-a-gauche-est-elle-credible","status":"publish","type":"post","link":"https:\/\/www.europesays.com\/fr\/363129\/","title":{"rendered":"Sociologie de Grenoble \/ Sud global \/ l&rsquo;alternative \u00e0 gauche est-elle cr\u00e9dible\u00a0?"},"content":{"rendered":"<p>\t\t  Sociologie de Grenoble \/ Sud global \/ l&rsquo;alternative \u00e0 gauche est-elle cr\u00e9dible\u00a0? | France Culture                                <\/p>\n<p class=\"qg-visually-hidden\" tabindex=\"-1\">Sociologie de Grenoble \/ Sud global \/ l&rsquo;alternative \u00e0 gauche est-elle cr\u00e9dible\u00a0?<\/p>\n<ul class=\"SkipLinks-list svelte-ahqaie\">\n<li>  Contenu  <\/li>\n<li>  Lecteur audio  <\/li>\n<li>  Menu  <\/li>\n<li>  Pied de page  <\/li>\n<\/ul>\n<p role=\"heading\" aria-level=\"1\" class=\"qg-sr-only svelte-mociyb\">France Culture<\/p>\n<p>             <img decoding=\"async\" src=\"https:\/\/www.europesays.com\/fr\/wp-content\/uploads\/2025\/09\/1756899338_854_1280\" width=\"4096\" height=\"2726\" alt=\"Le premier secr\u00e9taire du Parti socialiste (PS) fran\u00e7ais, Olivier Faure,  lors des universit\u00e9s d'\u00e9t\u00e9 de la gauche \u00e0 Blois, le 29 ao\u00fbt 2025 \u00a9AFP\" loading=\"lazy\" fetchpriority=\"low\" data-testid=\"image-tag\" style=\"--_image-preview:url('data:image\/svg+xml,%3Csvg%20height%3D%221%22%20width%3D%221%22%0Axmlns%3D%22http%3A%2F%2Fwww.w3.org%2F2000%2Fsvg%22%3E%3Cdefs%3E%3Cfilter%20id%3D%22f1%22%20x%3D%220%22%20y%3D%220%22%0Axmlns%3D%22http%3A%2F%2Fwww.w3.org%2F2000%2Fsvg%22%3E%3CfeGaussianBlur%20in%3D%22SourceGraphic%22%20stdDeviation%3D%2230%22%0A%2F%3E%3C%2Ffilter%3E%3C%2Fdefs%3E%3Crect%20width%3D%22100%25%22%20height%3D%22100%25%22%20fill%3D%22%23%22%0Afilter%3D%22url(%23f1)%22%20%2F%3E%3C%2Fsvg%3E');\" aria-hidden=\"true\" class=\"svelte-1afbni6 ratio\" onload=\"this.__e=event\" onerror=\"this.__e=event\"\/> <\/p>\n<p>Le premier secr\u00e9taire du Parti socialiste (PS) fran\u00e7ais, Olivier Faure,  lors des universit\u00e9s d&rsquo;\u00e9t\u00e9 de la gauche \u00e0 Blois, le 29 ao\u00fbt 2025 \u00a9AFP<\/p>\n<p>           <img decoding=\"async\" src=\"https:\/\/www.europesays.com\/fr\/wp-content\/uploads\/2025\/04\/400x400_sc_les-matins.jpg\" width=\"400\" height=\"400\" alt=\"Les Matins\" loading=\"lazy\" fetchpriority=\"low\" data-testid=\"image-tag\" style=\"--_image-preview:url('data:image\/svg+xml,&lt;svg height=&quot;100%&quot; width=&quot;100%&quot; xmlns=&quot;http:\/\/www.w3.org\/2000\/svg&quot;&gt;&lt;defs&gt;&lt;filter id=&quot;f1&quot; x=&quot;0&quot; y=&quot;0&quot; xmlns=&quot;http:\/\/www.w3.org\/2000\/svg&quot;&gt;&lt;feGaussianBlur in=&quot;SourceGraphic&quot; stdDeviation=&quot;30&quot; \/&gt;&lt;\/filter&gt;&lt;\/defs&gt;&lt;rect width=&quot;100%&quot; height=&quot;100%&quot; fill=&quot;%23181818&quot; filter=&quot;url(%23f1)&quot; \/&gt;&lt;\/svg&gt;');\" aria-hidden=\"true\" class=\"svelte-1n5zs1o ratio\" onload=\"this.__e=event\" onerror=\"this.__e=event\"\/>                          <\/p>\n","protected":false},"excerpt":{"rendered":"Sociologie de Grenoble \/ Sud global \/ l&rsquo;alternative \u00e0 gauche est-elle cr\u00e9dible\u00a0? | France Culture Sociologie de Grenoble&hellip;\n","protected":false},"author":2,"featured_media":363130,"comment_status":"","ping_status":"","sticky":false,"template":"","format":"standard","meta":{"footnotes":""},"categories":[9566],"tags":[1111,11,2430,1777,674,1011,27,2731,12,25],"class_list":{"0":"post-363129","1":"post","2":"type-post","3":"status-publish","4":"format-standard","5":"has-post-thumbnail","7":"category-grenoble","8":"tag-actu","9":"tag-actualites","10":"tag-auvergne-rhone-alpes","11":"tag-eu","12":"tag-europe","13":"tag-fr","14":"tag-france","15":"tag-grenoble","16":"tag-news","17":"tag-republique-francaise"},"share_on_mastodon":{"url":"https:\/\/pubeurope.com\/@fr\/115140160767961599","error":""},"_links":{"self":[{"href":"https:\/\/www.europesays.com\/fr\/wp-json\/wp\/v2\/posts\/363129","targetHints":{"allow":["GET"]}}],"collection":[{"href":"https:\/\/www.europesays.com\/fr\/wp-json\/wp\/v2\/posts"}],"about":[{"href":"https:\/\/www.europesays.com\/fr\/wp-json\/wp\/v2\/types\/post"}],"author":[{"embeddable":true,"href":"https:\/\/www.europesays.com\/fr\/wp-json\/wp\/v2\/users\/2"}],"replies":[{"embeddable":true,"href":"https:\/\/www.europesays.com\/fr\/wp-json\/wp\/v2\/comments?post=363129"}],"version-history":[{"count":0,"href":"https:\/\/www.europesays.com\/fr\/wp-json\/wp\/v2\/posts\/363129\/revisions"}],"wp:featuredmedia":[{"embeddable":true,"href":"https:\/\/www.europesays.com\/fr\/wp-json\/wp\/v2\/media\/363130"}],"wp:attachment":[{"href":"https:\/\/www.europesays.com\/fr\/wp-json\/wp\/v2\/media?parent=363129"}],"wp:term":[{"taxonomy":"category","embeddable":true,"href":"https:\/\/www.europesays.com\/fr\/wp-json\/wp\/v2\/categories?post=363129"},{"taxonomy":"post_tag","embeddable":true,"href":"https:\/\/www.europesays.com\/fr\/wp-json\/wp\/v2\/tags?post=363129"}],"curies":[{"name":"wp","href":"https:\/\/api.w.org\/{rel}","templated":true}]}}