{"id":363131,"date":"2025-09-03T11:36:25","date_gmt":"2025-09-03T11:36:25","guid":{"rendered":"https:\/\/www.europesays.com\/fr\/363131\/"},"modified":"2025-09-03T11:36:25","modified_gmt":"2025-09-03T11:36:25","slug":"pres-de-rennes-lors-de-cette-rentree-scolaire-les-etudiants-de-ces-cursus-seront-payes-1-800-mois","status":"publish","type":"post","link":"https:\/\/www.europesays.com\/fr\/363131\/","title":{"rendered":"Pr\u00e8s de Rennes. Lors de cette rentr\u00e9e scolaire, les \u00e9tudiants de ces cursus seront pay\u00e9s 1 800\/mois"},"content":{"rendered":"<p>            Par<br \/>\n        <strong><br \/>\n            <a href=\"https:\/\/actu.fr\/auteur\/lou-batteux\" title=\"Consulter tous les articles de Lou Batteux\" rel=\"nofollow noopener\" target=\"_blank\">Lou Batteux<\/a><br \/>\n        <\/strong><\/p>\n<p>        Publi\u00e9 le<\/p>\n<p>            3 sept. 2025 \u00e0 9h48        <\/p>\n<p>Coll\u00e9giens, lyc\u00e9ens ou \u00e9tudiants \u00e0 l\u2019universit\u00e9, beaucoup ont dit au revoir, en ce mois de septembre, aux grandes vacances. \u00c0 Rennes, dans <strong>deux \u00e9tablissements <\/strong><strong>publics<\/strong>\u00a0<strong>d\u2019enseignement sup\u00e9rieur<\/strong>, la rentr\u00e9e est l\u2019occasion pour certains jeunes de profiter d\u2019une particularit\u00e9 int\u00e9ressante. Pendant leur formation, ces futurs agents de la fonction publique acqui\u00e8rent le statut <strong>\u00ab\u2009d\u2019\u00e9tudiant fonctionnaire-stagiaire\u2009\u00bb<\/strong>. Un statut qui leur conf\u00e8re un net <strong>avantage financier<\/strong>. Toutefois, l\u2019acc\u00e8s \u00e0 ces cursus universitaires ne se fait pas sans conditions.<\/p>\n<p>L\u2019ENS Rennes<\/p>\n<p class=\" wall-content\">L\u2019\u00c9cole normale sup\u00e9rieure de Rennes, \u00e9tablie sur le <strong>campus de Ker Lann<\/strong>, \u00e0 Bruz, fait partie de ces deux grandes \u00e9coles. Au sein de <strong>cinq de ses six d\u00e9partements<\/strong> (droit \u2013 \u00e9conomie \u2013 management, informatique, math\u00e9matiques, m\u00e9catronique et sciences du sport et \u00e9ducation physique), elle accorde aux \u00e9tudiants admis sur concours le statut de <strong>fonctionnaire-stagiaire<\/strong>.<\/p>\n<blockquote class=\"ac-article-quote wall-content\">\n<p>Les normaliens fonctionnaires-stagiaires sont recrut\u00e9s par la voie d&rsquo;un concours, apr\u00e8s avoir suivi deux ans de classe pr\u00e9paratoire aux grandes \u00e9coles ou deux ann\u00e9es de STAPS pour le d\u00e9partement Sciences du sport et \u00e9ducation physique qui ne dispose pas de classe pr\u00e9paratoire.<\/p>\n<p>    <strong>C\u00e9cile Bruneau<\/strong><br \/>\n        Responsable du service Communication de l&rsquo;ENS Rennes    <\/p><\/blockquote>\n<p class=\" wall-content\">Si l\u2019ENS propose deux voies d\u2019admission, sur concours et sur dossier, <strong>seuls les \u00e9tudiants ayant \u00e9t\u00e9 recrut\u00e9s sur concours<\/strong> peuvent donc b\u00e9n\u00e9ficier de ce statut int\u00e9ressant. L\u2019ann\u00e9e derni\u00e8re, ils \u00e9taient <strong>222 \u00e9tudiants<\/strong> inscrits en tant que fonctionnaires stagiaires sur 620\u00a0\u00e9l\u00e8ves au total. Pour la rentr\u00e9e 2025, \u00ab\u2009les chiffres ne sont pas encore stabilis\u00e9s\u2009\u00bb, explique C\u00e9cile Bruneau.<\/p>\n<p>La condition\u2009: un \u00ab\u2009engagement d\u00e9cennal\u2009\u00bb<\/p>\n<p class=\" wall-content\">Chaque mois, ils sont r\u00e9mun\u00e9r\u00e9s \u00e0 hauteur de <strong>1\u2009800\u00a0euros bruts<\/strong>. Et cette r\u00e9mun\u00e9ration \u00e9volue de la premi\u00e8re \u00e0 la quatri\u00e8me ann\u00e9e. En effet, l\u2019ENS propose des formations en quatre ans permettant aux \u00e9tudiants de ressortir avec un <strong>Bac +\u00a05<\/strong>.<\/p>\n<p class=\" wall-content\">Toutefois, avant de se lancer, il est important de conna\u00eetre les <strong>conditions inh\u00e9rentes \u00e0 ces formations r\u00e9mun\u00e9r\u00e9es<\/strong>. En effet, les normaliens fonctionnaires-stagiaires souscrivent \u00e0 un \u00ab\u2009engagement d\u00e9cennal\u2009\u00bb. C\u2019est-\u00e0-dire qu\u2019ils s\u2019engagent \u00e0 <strong>travailler pour les services l\u2019\u00c9tat pendant au moins 10\u00a0ans<\/strong>.<\/p>\n<p>Votre r\u00e9gion, votre actu !<\/p>\n<p>Recevez chaque jour les infos qui comptent pour vous.<\/p>\n<p>\t<a href=\"https:\/\/actu.fr\/newsletter\" class=\"ac-btn ac-btn--corner ac-btn--medium ac-btn--blue800\" rel=\"nofollow noopener\" target=\"_blank\">S&rsquo;incrire<\/a><br \/>\nDes futurs cadres de la fonction publique<\/p>\n<p class=\" wall-content\">L\u2019ENS est notamment r\u00e9put\u00e9e pour former des <strong>hauts cadres scientifiques de la fonction publique<\/strong>. \u00ab\u00a0L\u2019\u00e9cole pr\u00e9pare principalement aux carri\u00e8res de l\u2019enseignement sup\u00e9rieur, de la recherche et de l\u2019innovation. Plus de 90 % des \u00e9l\u00e8ves sont re\u00e7us au concours de l\u2019agr\u00e9gation et 70 % poursuivent leur cursus par un doctorat\u00a0\u00bb, indique C\u00e9cile Bruneau.<\/p>\n<p class=\" wall-content\">Les \u00e9tudiants peuvent aussi devenir ma\u00eetres de conf\u00e9rences ou professeur des universit\u00e9s dans l\u2019enseignement sup\u00e9rieur, charg\u00e9 ou directeur de recherche ou encore professeur agr\u00e9g\u00e9 ou personnel de direction dans l\u2019enseignement secondaire.<\/p>\n<blockquote class=\"ac-article-quote wall-content\">\n<p>S&rsquo;ils ne respectent pas cet engagement, ils doivent rembourser une partie des salaires per\u00e7us pendant la scolarit\u00e9, calcul\u00e9e en fonction du temps de service public restant \u00e0 accomplir.<\/p>\n<p>    <strong>C\u00e9cile Bruneau<\/strong><br \/>\n        Responsable du service Communication de l&rsquo;ENS Rennes    <\/p><\/blockquote>\n<p class=\" wall-content\">Alors si vous \u00eates d\u00e9cid\u00e9s \u00e0 rejoindre l\u2019ENS Rennes \u00e0 la rentr\u00e9e prochaine, <strong>tournez-vous vers des classes pr\u00e9paratoires<\/strong> math\u00e9matiques et physiques, physique et sciences de l\u2019ing\u00e9nieur, technologie et sciences industrielles, adaptation technicien sup\u00e9rieur ou encore droit-\u00e9conomie.<\/p>\n<p>L\u2019ENSAI Rennes<\/p>\n<p class=\" wall-content\">L\u2019\u00c9cole nationale de la statistique et de l\u2019analyse de l\u2019information, situ\u00e9e au 51, rue Blaise Pascal, \u00e0 Bruz, est une <strong>\u00e9cole d\u2019ing\u00e9nieurs \u00ab\u2009qui forme des experts en science des donn\u00e9es\u2009\u00bb<\/strong>, explique Patrick Gandubert, responsable des relations \u00e0 l\u2019ENSAI Rennes.<\/p>\n<p class=\" wall-content\">L\u2019\u00e9cole propose deux cursus\u2009: un cursus ing\u00e9nieur et un <strong>cursus data scientist public<\/strong>. C\u2019est dans ce dernier que les \u00e9l\u00e8ves b\u00e9n\u00e9ficient du statut de fonctionnaire. \u00ab\u2009Les deux cursus se d\u00e9roulent sur <strong>3\u00a0ans<\/strong> et permettent d\u2019obtenir un dipl\u00f4me de <strong>niveau Bac +\u00a05\u2009\u00bb<\/strong>, explique Patrick Gandubert.<\/p>\n<p class=\" wall-content\">Chaque ann\u00e9e, l\u2019ENSAI recrute \u00ab\u2009environ 60\u00a0\u00e9l\u00e8ves fonctionnaires\u2009\u00bb. Sur l\u2019ensemble des 3\u00a0ann\u00e9es, cela repr\u00e9sente \u00e0 peu pr\u00e8s \u00ab\u2009180 \u00e9tudiants sur 500\u2009\u00bb. Les autres sont des \u00e9tudiants ing\u00e9nieurs ou bien en master.<\/p>\n<p>La particularit\u00e9 de l&rsquo;EHESP<\/p>\n<p>L&rsquo;\u00c9cole des hautes \u00e9tudes en sant\u00e9 publique, situ\u00e9e dans le quartier Villejean &#8211; Beauregard, \u00e0 Rennes, d\u00e9livre \u00e9galement un statut d&rsquo;\u00e9l\u00e8ve fonctionnaire. Ce dernier est dispens\u00e9 au sein d&rsquo;une dizaine de formations, dont la moiti\u00e9 pr\u00e9parent \u00e0 la fonction publique hospitali\u00e8re et l&rsquo;autre \u00e0 la fonction publique d&rsquo;\u00c9tat.<br \/>Toutefois, ces formations ne sont pas accessibles directement apr\u00e8s une pr\u00e9pa, mais au minima apr\u00e8s un Bac + 3, et la majorit\u00e9 des \u00e9l\u00e8ves int\u00e8grent l&rsquo;EHESP apr\u00e8s un master. Beaucoup effectuent aussi une formation apr\u00e8s avoir d\u00e9j\u00e0 accumul\u00e9 plusieurs ann\u00e9es d&rsquo;exp\u00e9riences professionnelles. <br \/>Les formations n&rsquo;ont par ailleurs pas toutes la m\u00eame dur\u00e9e, certaines se font en quatre semaines quand d&rsquo;autres durent deux ans.<br \/>Pour acc\u00e9der aux formations de l&rsquo;EHESP, il faut passer les concours du CNG, pour les formations de la fonction publique hospitali\u00e8re, et ceux du minist\u00e8re de l&rsquo;\u00c9tat pour les formations de la fonction publique d&rsquo;\u00c9tat. Il existe un concours sp\u00e9cifique pour chaque formation.<br \/>Enfin, la r\u00e9mun\u00e9ration du statut d&rsquo;\u00e9l\u00e8ve fonctionnaire varie selon l&rsquo;exp\u00e9rience de la personne et la formation en question.<br \/>\u00c0 la rentr\u00e9e 2025, ils seront entre 400 et 500 \u00e0 rejoindre l&rsquo;EHESP en tant qu&rsquo;\u00e9l\u00e8ve fonctionnaire.<\/p>\n<p>De l\u2019ENSAI \u00e0 l\u2019INSEE<\/p>\n<blockquote class=\"ac-article-quote wall-content\">\n<p>Les \u00e9l\u00e8ves qui int\u00e8grent l\u2019ENSAI en tant que fonctionnaires sont tout simplement les futurs statisticiens de l\u2019Insee.<\/p>\n<p>    <strong>Patrick Gandubert<\/strong><br \/>\n        Responsable des relations \u00e0 l&rsquo;ENSAI Rennes    <\/p><\/blockquote>\n<p class=\" wall-content\">Les \u00e9l\u00e8ves du cursus ing\u00e9nieur sont \u00e9galement des experts de la data, mais ils sont davantage destin\u00e9s \u00e0 travailler dans le <strong>secteur priv\u00e9<\/strong>\u2009: bancassurance, sant\u00e9, marketing, industrie, sport de haut niveau\u2026 Ils ne sont pas r\u00e9mun\u00e9r\u00e9s pendant leurs \u00e9tudes et payent des frais de scolarit\u00e9 d\u2019un montant de <strong>2\u2009650\u00a0euros par an<\/strong>.<\/p>\n<p class=\" wall-content\">Les \u00e9l\u00e8ves fonctionnaires sont recrut\u00e9s sur <strong>concours CCINP <\/strong>(concours commun des instituts nationaux polytechniques) apr\u00e8s <strong>deux ans de classe pr\u00e9paratoire aux grandes \u00e9coles<\/strong> (CPGE). Celles qui permettent un acc\u00e8s \u00e0 l\u2019ENSAI sont les CPGE Math\u00e9matiques et Physique, BL (Lettres et sciences sociales) ou D2 (Sciences \u00c9conomiques et de Gestion).<\/p>\n<p>1\u2009900\u00a0euros par mois<\/p>\n<p class=\" wall-content\">Un \u00e9tudiant fonctionnaire est pay\u00e9 environ<strong> 1\u2009900\u00a0euros bruts par mois<\/strong> les deux premi\u00e8res ann\u00e9es, puis <strong>3\u2009500\u00a0euros bruts par mois la troisi\u00e8me et derni\u00e8re ann\u00e9e<\/strong>, \u00ab\u2009ce qui correspond au salaire annuel de d\u00e9but de carri\u00e8re d\u2019un cadre statisticien de l\u2019Insee\u2009\u00bb, d\u2019apr\u00e8s Patrick Gandubert.<\/p>\n<p class=\" wall-content\">En contrepartie, ils devront travailler au minimum <strong>huit ann\u00e9es pour l\u2019\u00c9tat<\/strong>. S\u2019ils \u00e9voluent principalement \u00e0 l\u2019Insee, ces statisticiens peuvent \u00e9galement int\u00e9grer les services statistiques des minist\u00e8res et les grandes institutions comme la Banque de France, la Banque centrale europ\u00e9enne, Eurostat ou encore l\u2019OCDE.<\/p>\n<p class=\" wall-content\">Personnalisez votre actualit\u00e9 en ajoutant vos villes et m\u00e9dias en favori avec <a href=\"https:\/\/moncompte.actu.fr\" title=\"D\u00e9couvez Mon Actu\" rel=\"nofollow noopener\" data-trk=\"{&quot;cta&quot;:{&quot;action&quot;:&quot;https:\\\/\\\/moncompte.actu.fr&quot;,&quot;category&quot;:&quot;mon compte&quot;,&quot;from&quot;:&quot;article footer&quot;,&quot;name&quot;:&quot;Mon actu&quot;,&quot;type&quot;:&quot;cta&quot;}}\" target=\"_blank\">Mon Actu<\/a>.<\/p>\n","protected":false},"excerpt":{"rendered":"Par Lou Batteux Publi\u00e9 le 3 sept. 2025 \u00e0 9h48 Coll\u00e9giens, lyc\u00e9ens ou \u00e9tudiants \u00e0 l\u2019universit\u00e9, beaucoup ont&hellip;\n","protected":false},"author":2,"featured_media":363132,"comment_status":"","ping_status":"","sticky":false,"template":"","format":"standard","meta":{"footnotes":""},"categories":[2821],"tags":[1111,11,829,1777,674,1119,1011,27,12,11090,584,25,104],"class_list":{"0":"post-363131","1":"post","2":"type-post","3":"status-publish","4":"format-standard","5":"has-post-thumbnail","7":"category-rennes","8":"tag-actu","9":"tag-actualites","10":"tag-bretagne","11":"tag-eu","12":"tag-europe","13":"tag-formation","14":"tag-fr","15":"tag-france","16":"tag-news","17":"tag-precarite-etudiante","18":"tag-rennes","19":"tag-republique-francaise","20":"tag-societe"},"share_on_mastodon":{"url":"https:\/\/pubeurope.com\/@fr\/115140164560106779","error":""},"_links":{"self":[{"href":"https:\/\/www.europesays.com\/fr\/wp-json\/wp\/v2\/posts\/363131","targetHints":{"allow":["GET"]}}],"collection":[{"href":"https:\/\/www.europesays.com\/fr\/wp-json\/wp\/v2\/posts"}],"about":[{"href":"https:\/\/www.europesays.com\/fr\/wp-json\/wp\/v2\/types\/post"}],"author":[{"embeddable":true,"href":"https:\/\/www.europesays.com\/fr\/wp-json\/wp\/v2\/users\/2"}],"replies":[{"embeddable":true,"href":"https:\/\/www.europesays.com\/fr\/wp-json\/wp\/v2\/comments?post=363131"}],"version-history":[{"count":0,"href":"https:\/\/www.europesays.com\/fr\/wp-json\/wp\/v2\/posts\/363131\/revisions"}],"wp:featuredmedia":[{"embeddable":true,"href":"https:\/\/www.europesays.com\/fr\/wp-json\/wp\/v2\/media\/363132"}],"wp:attachment":[{"href":"https:\/\/www.europesays.com\/fr\/wp-json\/wp\/v2\/media?parent=363131"}],"wp:term":[{"taxonomy":"category","embeddable":true,"href":"https:\/\/www.europesays.com\/fr\/wp-json\/wp\/v2\/categories?post=363131"},{"taxonomy":"post_tag","embeddable":true,"href":"https:\/\/www.europesays.com\/fr\/wp-json\/wp\/v2\/tags?post=363131"}],"curies":[{"name":"wp","href":"https:\/\/api.w.org\/{rel}","templated":true}]}}