{"id":363133,"date":"2025-09-03T11:37:34","date_gmt":"2025-09-03T11:37:34","guid":{"rendered":"https:\/\/www.europesays.com\/fr\/363133\/"},"modified":"2025-09-03T11:37:34","modified_gmt":"2025-09-03T11:37:34","slug":"tout-laccable-cette-conductrice-avait-provoque-la-mort-dun-jeune-homme-de-18-ans-en-ille-et-vilaine","status":"publish","type":"post","link":"https:\/\/www.europesays.com\/fr\/363133\/","title":{"rendered":"\u00ab\u00a0Tout l&rsquo;accable\u00a0\u00bb : cette conductrice avait provoqu\u00e9 la mort d&rsquo;un jeune homme de 18 ans en Ille-et-Vilaine"},"content":{"rendered":"<p>Elle avait bu et conduisait beaucoup trop vite. Une jeune femme de 31 ans a reconnu sa responsabilit\u00e9 devant les juges du tribunal correctionnel de Rennes, ce mardi. Son imprudence avait provoqu\u00e9 un accident mortel, en sortant d&rsquo;une bo\u00eete de nuit, en Ille-et-Vilaine.<\/p>\n<p>Elle risque une condamnation \u00e0 <strong>un an de prison ferme<\/strong>. Le procureur a en effet requis cinq ans d&#8217;emprisonnement, dont quatre avec sursis, \u00e0 l&rsquo;encontre de cette jeune femme de 31 ans\u00a0jug\u00e9e, ce mardi 2 septembre, pour <strong>homicide et blessures involontaires<\/strong>, au tribunal correctionnel de Rennes.\u00a0Elle avait caus\u00e9 un accident mortel, le 20 octobre dernier, <strong>\u00e0 Saint-Onen-la-Chapelle<\/strong>, pr\u00e8s de Saint-M\u00e9en-le-Grand, \u00e0 l\u2019ouest de Rennes.<\/p>\n<p>Cette jeune <strong>maman de trois enfants<\/strong> avait perdu le contr\u00f4le de son v\u00e9hicule, en sortant de <strong>la discoth\u00e8que de Montauban-de-Bretagne, Le Tremplin<\/strong>, avec quatre passagers \u00e0 bord.\u00a0L&rsquo;accident avait co\u00fbt\u00e9 la vie \u00e0 <strong>Yllann, un jeune homme de 18 ans<\/strong>. Et la conductrice l&rsquo;a reconnu \u00e0 l&rsquo;audience\u00a0: <strong>elle\u00a0avait bu et conduisait beaucoup trop vite<\/strong>.<\/p>\n<p>Ce soir-l\u00e0, pour les 17 ans de son petit fr\u00e8re, elle avait consomm\u00e9 <strong>six\u00a0verres de vodka<\/strong> en ap\u00e9ritif, avant de prendre le volant pour emmener la bande d\u2019amis <strong>en bo\u00eete de nuit<\/strong>. Sur place, elle boit <strong>encore deux verres<\/strong>, et reprend sa voiture \u00e0 5h du matin, avec un autre trajet pour <strong>\u00e9viter les contr\u00f4les de gendarmerie<\/strong> et dans un \u00e9tat inqui\u00e9tant, \u00e9nerv\u00e9e, \u00ab\u00a0agac\u00e9e\u00a0\u00bb, comme elle dit. Elle roule vite, beaucoup trop vite, <strong>entre 120 et 150 km\/h<\/strong>, selon les t\u00e9moignages, sur <strong>une route limit\u00e9e \u00e0 70 km\/h<\/strong>.<\/p>\n<p>\u00ab\u00a0Je m&rsquo;en fous, j&rsquo;ai rien \u00e0 perdre\u00a0!\u00a0\u00bb<\/p>\n<p>Les quatre passagers lui disent de ralentir. \u00ab\u00a0Je m\u2019en fous\u00a0\u00bb, crie-t-elle.\u00a0Elle a <strong>des probl\u00e8mes dans son couple<\/strong> et malgr\u00e9 ses trois jeunes enfants, elle n\u2019a \u00ab\u00a0rien \u00e0 perdre\u00a0\u00bb, dit-elle.\u00a0Dans le v\u00e9hicule, <strong>le ton monte<\/strong>, les cris, les pleurs jusqu\u2019\u00e0 la sortie de route et <strong>les tonneaux sur plus de 100 m\u00e8tres<\/strong>.<\/p>\n<p>Yllann, install\u00e9 \u00e0 l\u2019arri\u00e8re, est <strong>\u00e9ject\u00e9 par le toit panoramique<\/strong>. Il meurt sur le coup.\u00a0Les trois passagers sont \u00e9galement bless\u00e9s.\u00a0La conductrice, elle, est tr\u00e8s peu touch\u00e9e. Elle avait <strong>1,17 g d\u2019alcool dans le sang.<\/strong><\/p>\n<p>\u00c0 l\u2019audience, <strong>elle n\u2019a pas donn\u00e9 d\u2019explication<\/strong>, elle ne se rappelle pas de ce moment de folie au volant. \u00ab\u00a0C&rsquo;est de\u00a0la d\u00e9sinvolture\u00a0\u00bb**, selon les avocats des parties civiles. Devant les juges, elle reconna\u00eet m\u00eame\u00a0avoir d\u00e9j\u00e0 \u00e9t\u00e9 <strong>en discoth\u00e8que en voiture, apr\u00e8s avoir bu.<\/strong>\u00a0D\u2019o\u00f9 cette conclusion du procureur\u00a0: <strong>\u00ab\u00a0tout l\u2019accable\u00a0! \u00bb<\/strong> Et sur ce point, <strong>m\u00eame son avocat est d\u2019accord<\/strong>.<\/p>\n<p>Le jugement a \u00e9t\u00e9 <strong>mis en d\u00e9lib\u00e9r\u00e9 au jeudi 18 septembre<\/strong>. Il portera aussi sur <strong>les indemnit\u00e9s pour pr\u00e9judice moral<\/strong> demand\u00e9es par les <strong>nombreuses parties civiles<\/strong> qui \u00e9taient \u00e0 cette audience. Dans cette salle comble, la famille et les amis d\u2019Yllann \u00e9taient venus avec <strong>des brassards noirs et des tee-shirts blancs<\/strong> o\u00f9 \u00e9taient imprim\u00e9es <strong>des photos du jeune homme<\/strong>.<\/p>\n","protected":false},"excerpt":{"rendered":"Elle avait bu et conduisait beaucoup trop vite. Une jeune femme de 31 ans a reconnu sa responsabilit\u00e9&hellip;\n","protected":false},"author":2,"featured_media":363134,"comment_status":"","ping_status":"","sticky":false,"template":"","format":"standard","meta":{"footnotes":""},"categories":[2821],"tags":[1111,11,829,1777,674,1011,27,12,584,25],"class_list":{"0":"post-363133","1":"post","2":"type-post","3":"status-publish","4":"format-standard","5":"has-post-thumbnail","7":"category-rennes","8":"tag-actu","9":"tag-actualites","10":"tag-bretagne","11":"tag-eu","12":"tag-europe","13":"tag-fr","14":"tag-france","15":"tag-news","16":"tag-rennes","17":"tag-republique-francaise"},"share_on_mastodon":{"url":"https:\/\/pubeurope.com\/@fr\/115140168877988785","error":""},"_links":{"self":[{"href":"https:\/\/www.europesays.com\/fr\/wp-json\/wp\/v2\/posts\/363133","targetHints":{"allow":["GET"]}}],"collection":[{"href":"https:\/\/www.europesays.com\/fr\/wp-json\/wp\/v2\/posts"}],"about":[{"href":"https:\/\/www.europesays.com\/fr\/wp-json\/wp\/v2\/types\/post"}],"author":[{"embeddable":true,"href":"https:\/\/www.europesays.com\/fr\/wp-json\/wp\/v2\/users\/2"}],"replies":[{"embeddable":true,"href":"https:\/\/www.europesays.com\/fr\/wp-json\/wp\/v2\/comments?post=363133"}],"version-history":[{"count":0,"href":"https:\/\/www.europesays.com\/fr\/wp-json\/wp\/v2\/posts\/363133\/revisions"}],"wp:featuredmedia":[{"embeddable":true,"href":"https:\/\/www.europesays.com\/fr\/wp-json\/wp\/v2\/media\/363134"}],"wp:attachment":[{"href":"https:\/\/www.europesays.com\/fr\/wp-json\/wp\/v2\/media?parent=363133"}],"wp:term":[{"taxonomy":"category","embeddable":true,"href":"https:\/\/www.europesays.com\/fr\/wp-json\/wp\/v2\/categories?post=363133"},{"taxonomy":"post_tag","embeddable":true,"href":"https:\/\/www.europesays.com\/fr\/wp-json\/wp\/v2\/tags?post=363133"}],"curies":[{"name":"wp","href":"https:\/\/api.w.org\/{rel}","templated":true}]}}