{"id":363139,"date":"2025-09-03T11:40:11","date_gmt":"2025-09-03T11:40:11","guid":{"rendered":"https:\/\/www.europesays.com\/fr\/363139\/"},"modified":"2025-09-03T11:40:11","modified_gmt":"2025-09-03T11:40:11","slug":"municipales-2026-il-lance-une-petition-pour-unir-la-gauche-et-esperer-ravir-nice-face-a-estrosi-et-ciotti","status":"publish","type":"post","link":"https:\/\/www.europesays.com\/fr\/363139\/","title":{"rendered":"Municipales 2026: il lance une p\u00e9tition pour unir la gauche et esp\u00e9rer ravir Nice face \u00e0 Estrosi et Ciotti"},"content":{"rendered":"<p data-start=\"127\" data-end=\"571\">Et si le vainqueur de la bataille Estrosi &#8211; Ciotti \u00e9tait\u2026 la gauche? Alors que le d\u00e9put\u00e9 vient de se d\u00e9clarer candidat, les 15 et 22 mars, pour tenter de ravir le fauteuil du maire, une p\u00e9tition invite les forces de gauche \u00e0 profiter de la situation.<\/p>\n<p data-start=\"127\" data-end=\"571\">Comment? Par l\u2019union entre, d\u2019un c\u00f4t\u00e9, les Verts, le PS et le PCF, et de l\u2019autre, un \u00ab\u00a0collectif\u00a0\u00bb o\u00f9 l\u2019on retrouve La France insoumise (LFI), des membres de ViVA! et l\u2019Alternative communiste.<\/p>\n<p data-start=\"573\" data-end=\"956\">C\u2019est pour les inciter \u00e0 s\u2019entendre que le com\u00e9dien ni\u00e7ois Jonathan Gensburger, encart\u00e9 \u00e0 la CGT spectacle, a lanc\u00e9 il y a quelques jours sur la plateforme Change.org cette p\u00e9tition intitul\u00e9e: <a href=\"https:\/\/www.change.org\/p\/pleinement-rassembl%C3%A9e-la-gauche-peut-gagner-%C3%A0-nice-en-2026\" target=\"_blank\" rel=\"noopener nofollow\">\u00ab\u00a0Pleinement rassembl\u00e9e, la gauche peut gagner \u00e0 Nice en 2026!\u00a0\u00bb<\/a><\/p>\n<p data-start=\"573\" data-end=\"956\">Pour l\u2019heure, un peu plus de 200 personnes, dont l\u2019agriculteur de la Roya et militant Cedric Herrou, ont sign\u00e9 son appel.<\/p>\n<p data-start=\"958\" data-end=\"995\">\u00ab\u00a0Un Nouveau front populaire ni\u00e7ois\u00a0\u00bb<\/p>\n<p data-start=\"997\" data-end=\"1546\">\u00ab\u00a0Il existe une gauche \u00e0 Nice: des partis, des formations, des hommes et des femmes. Cette gauche, ou plut\u00f4t ces gauches, sont aujourd\u2019hui divis\u00e9es et peinent \u00e0 s\u2019entendre. Qui a commenc\u00e9? Qui a r\u00e9pondu? Qui n\u2019a pas r\u00e9pondu? Peu importe. L\u2019enjeu est immense, l\u2019occasion trop belle. Une troisi\u00e8me voie est \u00e0 port\u00e9e de vote. L\u2019aspect programmatique n\u2019est pas franchement le probl\u00e8me, il est plut\u00f4t question d\u2019ego, de lignes de partis ou de vieilles ranc\u0153urs,\u00a0\u00bb \u00e9crit le com\u00e9dien de 45 ans, r\u00eavant tout haut d\u2019un \u00ab\u00a0Nouveau front populaire ni\u00e7ois.\u00a0\u00bb<\/p>\n<p data-start=\"997\" data-end=\"1546\">Question de strat\u00e9gie<\/p>\n<p data-start=\"1575\" data-end=\"1949\">Reste la question de la strat\u00e9gie : n\u2019est-il pas plus opportun pour les forces progressistes de pr\u00e9senter deux listes en esp\u00e9rant une triangulaire au second tou?*<\/p>\n<p data-start=\"1575\" data-end=\"1949\">\u00ab\u00a0Une liste commune au premier tour, en termes de symbolique, de dynamique, ce n\u2019est pas pareil,\u00a0\u00bb r\u00e9torque le com\u00e9dien qui parle d\u2019une \u00ab\u00a0chance historique qui ne se repr\u00e9sentera peut-\u00eatre pas de sit\u00f4t.\u00a0\u00bb<\/p>\n<p data-start=\"1951\" data-end=\"2274\">Samedi, <a href=\"https:\/\/www.nicematin.com\/politique\/municipales-2026-a-nice-l-union-de-la-gauche-mais-sans-ligne-rouge-repondent-le-ps-les-ecolos-et-le-pcf-a-lfi-1000147\" rel=\"nofollow noopener\" target=\"_blank\">LFI a \u00e9galement lanc\u00e9 un appel \u00e0 un rassemblement des forces de gauche<\/a>, en posant ses conditions sur le programme et la structure de la liste.<\/p>\n<p data-start=\"1951\" data-end=\"2274\">Appel auquel l\u2019autre \u00ab\u00a0clan\u00a0\u00bb (PS, PCF, \u00c9cologistes) r\u00e9pond par une\u2026 main tendue \u00ab\u00a0sans ligne rouge et dans le respect de toutes les sensibilit\u00e9s.\u00a0\u00bb<\/p>\n<p>*Pour se maintenir, il faut obtenir 10% des suffrages exprim\u00e9s au premier tour.<\/p>\n","protected":false},"excerpt":{"rendered":"Et si le vainqueur de la bataille Estrosi &#8211; Ciotti \u00e9tait\u2026 la gauche? Alors que le d\u00e9put\u00e9 vient&hellip;\n","protected":false},"author":2,"featured_media":363140,"comment_status":"","ping_status":"","sticky":false,"template":"","format":"standard","meta":{"footnotes":""},"categories":[2819],"tags":[1111,11,1777,674,1011,27,12,2401,316,882,25],"class_list":{"0":"post-363139","1":"post","2":"type-post","3":"status-publish","4":"format-standard","5":"has-post-thumbnail","7":"category-nice","8":"tag-actu","9":"tag-actualites","10":"tag-eu","11":"tag-europe","12":"tag-fr","13":"tag-france","14":"tag-news","15":"tag-nice","16":"tag-politique","17":"tag-provence-alpes-cote-dazur","18":"tag-republique-francaise"},"share_on_mastodon":{"url":"https:\/\/pubeurope.com\/@fr\/115140180268715522","error":""},"_links":{"self":[{"href":"https:\/\/www.europesays.com\/fr\/wp-json\/wp\/v2\/posts\/363139","targetHints":{"allow":["GET"]}}],"collection":[{"href":"https:\/\/www.europesays.com\/fr\/wp-json\/wp\/v2\/posts"}],"about":[{"href":"https:\/\/www.europesays.com\/fr\/wp-json\/wp\/v2\/types\/post"}],"author":[{"embeddable":true,"href":"https:\/\/www.europesays.com\/fr\/wp-json\/wp\/v2\/users\/2"}],"replies":[{"embeddable":true,"href":"https:\/\/www.europesays.com\/fr\/wp-json\/wp\/v2\/comments?post=363139"}],"version-history":[{"count":0,"href":"https:\/\/www.europesays.com\/fr\/wp-json\/wp\/v2\/posts\/363139\/revisions"}],"wp:featuredmedia":[{"embeddable":true,"href":"https:\/\/www.europesays.com\/fr\/wp-json\/wp\/v2\/media\/363140"}],"wp:attachment":[{"href":"https:\/\/www.europesays.com\/fr\/wp-json\/wp\/v2\/media?parent=363139"}],"wp:term":[{"taxonomy":"category","embeddable":true,"href":"https:\/\/www.europesays.com\/fr\/wp-json\/wp\/v2\/categories?post=363139"},{"taxonomy":"post_tag","embeddable":true,"href":"https:\/\/www.europesays.com\/fr\/wp-json\/wp\/v2\/tags?post=363139"}],"curies":[{"name":"wp","href":"https:\/\/api.w.org\/{rel}","templated":true}]}}