{"id":363141,"date":"2025-09-03T11:41:10","date_gmt":"2025-09-03T11:41:10","guid":{"rendered":"https:\/\/www.europesays.com\/fr\/363141\/"},"modified":"2025-09-03T11:41:10","modified_gmt":"2025-09-03T11:41:10","slug":"dante-la-derniere-danse-comment-logc-nice-prepare-deja-lapres","status":"publish","type":"post","link":"https:\/\/www.europesays.com\/fr\/363141\/","title":{"rendered":"Dante, la derni\u00e8re danse: comment l&rsquo;OGC Nice pr\u00e9pare d\u00e9j\u00e0 l\u2019apr\u00e8s"},"content":{"rendered":"<p>A 42 ans, la majorit\u00e9 des joueurs ont d\u00e9j\u00e0 raccroch\u00e9 les crampons depuis quelques temps d\u00e9j\u00e0.<\/p>\n<p>Un \u00e2ge que le capitaine de l&rsquo;OGC Nice, Dante, f\u00eatera le 18 octobre prochain. Le Br\u00e9silien a d&rsquo;ores et d\u00e9j\u00e0 annonc\u00e9 que cette saison sera celle qui viendra cl\u00f4turer sa carri\u00e8re.<\/p>\n<p>\u00ab\u00a0On savait que c\u2019\u00e9tait sa derni\u00e8re ann\u00e9e. Le d\u00e9but de saison est un peu tronqu\u00e9 par certaines situations, je pense que \u00e7a va aller de mieux en mieux, qu\u2019il va pouvoir jouer des matchs. Je le souhaite en tout cas, parce que c\u2019est un gar\u00e7on important pour nous\u00a0\u00bb, explique Florian Maurice.<\/p>\n<p><strong>Un successeur d\u00e8s janvier?<\/strong><\/p>\n<p>L\u2019OGC Nice travaille donc d\u00e9j\u00e0 \u00e0 identifier son successeur pour maintenir la stabilit\u00e9 d\u00e9fensive. \u00ab\u00a0On travaille d\u00e9j\u00e0 sur une projection \u00e0 la saison prochaine, pour trouver, entre guillemets, le pendant de Dante. On y avait d\u00e9j\u00e0 pens\u00e9 \u00e0 la fin de la saison, m\u00eame si on avait d\u00e9cid\u00e9 de le prolonger\u00a0\u00bb, poursuit le directeur sportif ni\u00e7ois.<\/p>\n<p>Florian Maurice pr\u00e9cise que le club est en veille permanente pour anticiper les besoins. L\u2019objectif est de trouver un profil capable de compl\u00e9ter l\u2019\u00e9quipe sans perturber l\u2019\u00e9quilibre du vestiaire. \u00ab\u00a0On n\u2019a pas pu aller au bout des choses. On pr\u00e9pare d\u00e9j\u00e0 l\u2019apr\u00e8s. En janvier? Pourquoi pas\u00a0\u00bb, conclut-il.<\/p>\n","protected":false},"excerpt":{"rendered":"A 42 ans, la majorit\u00e9 des joueurs ont d\u00e9j\u00e0 raccroch\u00e9 les crampons depuis quelques temps d\u00e9j\u00e0. Un \u00e2ge&hellip;\n","protected":false},"author":2,"featured_media":363142,"comment_status":"","ping_status":"","sticky":false,"template":"","format":"standard","meta":{"footnotes":""},"categories":[2819],"tags":[1111,11,1777,674,63,1011,27,12,2401,882,25,60],"class_list":{"0":"post-363141","1":"post","2":"type-post","3":"status-publish","4":"format-standard","5":"has-post-thumbnail","7":"category-nice","8":"tag-actu","9":"tag-actualites","10":"tag-eu","11":"tag-europe","12":"tag-football","13":"tag-fr","14":"tag-france","15":"tag-news","16":"tag-nice","17":"tag-provence-alpes-cote-dazur","18":"tag-republique-francaise","19":"tag-sports"},"share_on_mastodon":{"url":"https:\/\/pubeurope.com\/@fr\/115140184251687219","error":""},"_links":{"self":[{"href":"https:\/\/www.europesays.com\/fr\/wp-json\/wp\/v2\/posts\/363141","targetHints":{"allow":["GET"]}}],"collection":[{"href":"https:\/\/www.europesays.com\/fr\/wp-json\/wp\/v2\/posts"}],"about":[{"href":"https:\/\/www.europesays.com\/fr\/wp-json\/wp\/v2\/types\/post"}],"author":[{"embeddable":true,"href":"https:\/\/www.europesays.com\/fr\/wp-json\/wp\/v2\/users\/2"}],"replies":[{"embeddable":true,"href":"https:\/\/www.europesays.com\/fr\/wp-json\/wp\/v2\/comments?post=363141"}],"version-history":[{"count":0,"href":"https:\/\/www.europesays.com\/fr\/wp-json\/wp\/v2\/posts\/363141\/revisions"}],"wp:featuredmedia":[{"embeddable":true,"href":"https:\/\/www.europesays.com\/fr\/wp-json\/wp\/v2\/media\/363142"}],"wp:attachment":[{"href":"https:\/\/www.europesays.com\/fr\/wp-json\/wp\/v2\/media?parent=363141"}],"wp:term":[{"taxonomy":"category","embeddable":true,"href":"https:\/\/www.europesays.com\/fr\/wp-json\/wp\/v2\/categories?post=363141"},{"taxonomy":"post_tag","embeddable":true,"href":"https:\/\/www.europesays.com\/fr\/wp-json\/wp\/v2\/tags?post=363141"}],"curies":[{"name":"wp","href":"https:\/\/api.w.org\/{rel}","templated":true}]}}