{"id":363143,"date":"2025-09-03T11:42:10","date_gmt":"2025-09-03T11:42:10","guid":{"rendered":"https:\/\/www.europesays.com\/fr\/363143\/"},"modified":"2025-09-03T11:42:10","modified_gmt":"2025-09-03T11:42:10","slug":"ceremonie-des-pyramides-dargent-de-la-fpi-2025","status":"publish","type":"post","link":"https:\/\/www.europesays.com\/fr\/363143\/","title":{"rendered":"CEREMONIE DES PYRAMIDES D&rsquo;ARGENT DE LA FPI 2025"},"content":{"rendered":"<p>C\u00e9l\u00e9brons ensemble les plus beaux programmes immobiliers de l\u2019ann\u00e9e dans les Pays de la Loire.<br \/>La 22\u00e8me c\u00e9r\u00e9monie des Pyramides d\u2019Argent des Pays de la Loire se d\u00e9roulera le 2 octobre 2025 \u00e0 la Cit\u00e9 des Congr\u00e8s de Nantes.\u00a0<br \/>Cette grande f\u00eate de l\u2019immobilier r\u00e9unit tous les acteurs du secteur en deux temps forts :<br \/>18h00 \u2013 La c\u00e9r\u00e9monie de remise des prix aux programmes immobiliers les plus exemplaires de l\u2019ann\u00e9e, qui se d\u00e9roule dans l\u2019auditorium 800 de la Cit\u00e9 des Congr\u00e8s de Nantes<br \/>20h00 \u2013 Les r\u00e9jouissances autour du grand cocktail dinatoire qui r\u00e9unit les participants, dans la grande halle.<br \/>Vous pouvez d\u00e9sormais r\u00e9server votre soir\u00e9e et vos tables pour participer \u00e0 l\u2019\u00e9v\u00e9nement. Adh\u00e9rents et adh\u00e9rentes de Novabuild, rejoignez l\u2019espace Novabuild !<br \/>Nb : Votre r\u00e9servation ne deviendra d\u00e9finitive qu\u2019\u00e0 r\u00e9ception du r\u00e8glement de votre commande.<br \/>\u00a0 Ouvert \u00e0 tous<br \/>Jeudi 2 octobre 2025 18h00 &#8211; 22h00<br \/>Cit\u00e9 des Congr\u00e8s, 5 Rue de Valmy Nantes<\/p>\n","protected":false},"excerpt":{"rendered":"C\u00e9l\u00e9brons ensemble les plus beaux programmes immobiliers de l\u2019ann\u00e9e dans les Pays de la Loire.La 22\u00e8me c\u00e9r\u00e9monie des&hellip;\n","protected":false},"author":2,"featured_media":363144,"comment_status":"","ping_status":"","sticky":false,"template":"","format":"standard","meta":{"footnotes":""},"categories":[2818],"tags":[1111,11,1777,674,1011,27,766,12,2636,25],"class_list":{"0":"post-363143","1":"post","2":"type-post","3":"status-publish","4":"format-standard","5":"has-post-thumbnail","7":"category-nantes","8":"tag-actu","9":"tag-actualites","10":"tag-eu","11":"tag-europe","12":"tag-fr","13":"tag-france","14":"tag-nantes","15":"tag-news","16":"tag-pays-de-la-loire","17":"tag-republique-francaise"},"share_on_mastodon":{"url":"https:\/\/pubeurope.com\/@fr\/115140188181443964","error":""},"_links":{"self":[{"href":"https:\/\/www.europesays.com\/fr\/wp-json\/wp\/v2\/posts\/363143","targetHints":{"allow":["GET"]}}],"collection":[{"href":"https:\/\/www.europesays.com\/fr\/wp-json\/wp\/v2\/posts"}],"about":[{"href":"https:\/\/www.europesays.com\/fr\/wp-json\/wp\/v2\/types\/post"}],"author":[{"embeddable":true,"href":"https:\/\/www.europesays.com\/fr\/wp-json\/wp\/v2\/users\/2"}],"replies":[{"embeddable":true,"href":"https:\/\/www.europesays.com\/fr\/wp-json\/wp\/v2\/comments?post=363143"}],"version-history":[{"count":0,"href":"https:\/\/www.europesays.com\/fr\/wp-json\/wp\/v2\/posts\/363143\/revisions"}],"wp:featuredmedia":[{"embeddable":true,"href":"https:\/\/www.europesays.com\/fr\/wp-json\/wp\/v2\/media\/363144"}],"wp:attachment":[{"href":"https:\/\/www.europesays.com\/fr\/wp-json\/wp\/v2\/media?parent=363143"}],"wp:term":[{"taxonomy":"category","embeddable":true,"href":"https:\/\/www.europesays.com\/fr\/wp-json\/wp\/v2\/categories?post=363143"},{"taxonomy":"post_tag","embeddable":true,"href":"https:\/\/www.europesays.com\/fr\/wp-json\/wp\/v2\/tags?post=363143"}],"curies":[{"name":"wp","href":"https:\/\/api.w.org\/{rel}","templated":true}]}}