{"id":363145,"date":"2025-09-03T11:43:12","date_gmt":"2025-09-03T11:43:12","guid":{"rendered":"https:\/\/www.europesays.com\/fr\/363145\/"},"modified":"2025-09-03T11:43:12","modified_gmt":"2025-09-03T11:43:12","slug":"vents-forts-restrictions-de-circulation-sur-le-pont-de-saint-nazaire-nantes-ferme-ses-parcs-et-ses-cimetieres","status":"publish","type":"post","link":"https:\/\/www.europesays.com\/fr\/363145\/","title":{"rendered":"Vents forts\u00a0: restrictions de circulation sur le pont de Saint-Nazaire, Nantes ferme ses parcs et ses cimeti\u00e8res"},"content":{"rendered":"<p>Le coup de vent qui traverse la Loire-Atlantique et la Vend\u00e9e, ce mercredi apr\u00e8s-midi, \u00e0 des cons\u00e9quences\u00a0: des restrictions de circulation sur le pont de Saint-Nazaire et la ville de Nantes qui ferme ses parcs et ses cimeti\u00e8res.<\/p>\n<p>Le vent souffle fort, ce mercredi apr\u00e8s-midi en Loire-Atlantique et en Vend\u00e9e. Les rafales d\u00e9passent les 100 km\/h \u00e0 Saint-Nazaire (109 km\/h mesur\u00e9 \u00e0 13h, 114 \u00e0 la pointe de Chemoulin), les avoisinent \u00e0 Noirmoutier \u00e0 13h (96 km\/h). C&rsquo;est le littoral qui est touch\u00e9 en premier, puis viendra l&rsquo;int\u00e9rieur des terres. Avec des cons\u00e9quences\u00a0: des restrictions de circulation sur le pont de Saint-Nazaire, <strong>la voie centrale est ferm\u00e9e et la vitesse limit\u00e9e \u00e0 50 km\/h<\/strong>. Les deux-roues et les v\u00e9hicules qui tractent une caravane ou une remorque n&rsquo;ont pas le droit d&rsquo;y circuler.<\/p>\n<p>Les cimeti\u00e8res de Nantes ferm\u00e9s au moins jusqu&rsquo;\u00e0 jeudi matin<\/p>\n<p>La ville de Nantes, de son c\u00f4t\u00e9, \u00e0 d\u00e9cider de <strong>fermer 29 de ses parcs et jardins<\/strong>, notamment le jardin des plantes, le jardin extraordinaire, le parc du Grand Blottereau, l&rsquo;\u00eele de Versailles ou encore le parc floral de la Beaujoire.\u00a0 Les cimeti\u00e8res sont, eux aussi, ferm\u00e9s. <strong>M\u00e9t\u00e9o France pr\u00e9voit des rafales jusqu&rsquo;\u00e0 80 km\/h \u00e0 Nantes.<\/strong><\/p>\n<p>\u00c0 lire aussi   <img decoding=\"async\" src=\"https:\/\/www.europesays.com\/fr\/wp-content\/uploads\/2025\/09\/1756899792_132_560x315\" alt=\"Des orages forts sont attendus ce mercredi apr\u00e8s-midi, associ\u00e9s \u00e0 un risque de tornades dans le nord ouest et le nord de la France\" style=\"--_image-preview:url('data:image\/jpeg;base64,\/9j\/2wBDACgcHiMeGSgjISMtKygwPGRBPDc3PHtYXUlkkYCZlo+AjIqgtObDoKrarYqMyP\/L2u71\/\/\/\/m8H\/\/\/\/6\/+b9\/\/j\/2wBDASstLTw1PHZBQXb4pYyl+Pj4+Pj4+Pj4+Pj4+Pj4+Pj4+Pj4+Pj4+Pj4+Pj4+Pj4+Pj4+Pj4+Pj4+Pj4+Pj4+Pj\/wAARCAAXACoDASIAAhEBAxEB\/8QAFwABAQEBAAAAAAAAAAAAAAAAAQACA\/\/EABcQAQEBAQAAAAAAAAAAAAAAAAABERL\/xAAWAQEBAQAAAAAAAAAAAAAAAAAAAQL\/xAAVEQEBAAAAAAAAAAAAAAAAAAAAEf\/aAAwDAQACEQMRAD8A1WaNFrVSKhakpDCISkculqTLR0ypIGU6kK\/\/2Q==');\" loading=\"lazy\" fetchpriority=\"low\" aria-hidden=\"true\" class=\"svelte-1pnmlwx rounded\" onload=\"this.__e=event\" onerror=\"this.__e=event\"\/><\/p>\n","protected":false},"excerpt":{"rendered":"Le coup de vent qui traverse la Loire-Atlantique et la Vend\u00e9e, ce mercredi apr\u00e8s-midi, \u00e0 des cons\u00e9quences\u00a0: des&hellip;\n","protected":false},"author":2,"featured_media":363146,"comment_status":"","ping_status":"","sticky":false,"template":"","format":"standard","meta":{"footnotes":""},"categories":[2818],"tags":[1111,11,1777,674,1011,27,766,12,2636,25],"class_list":{"0":"post-363145","1":"post","2":"type-post","3":"status-publish","4":"format-standard","5":"has-post-thumbnail","7":"category-nantes","8":"tag-actu","9":"tag-actualites","10":"tag-eu","11":"tag-europe","12":"tag-fr","13":"tag-france","14":"tag-nantes","15":"tag-news","16":"tag-pays-de-la-loire","17":"tag-republique-francaise"},"share_on_mastodon":{"url":"https:\/\/pubeurope.com\/@fr\/115140192240994404","error":""},"_links":{"self":[{"href":"https:\/\/www.europesays.com\/fr\/wp-json\/wp\/v2\/posts\/363145","targetHints":{"allow":["GET"]}}],"collection":[{"href":"https:\/\/www.europesays.com\/fr\/wp-json\/wp\/v2\/posts"}],"about":[{"href":"https:\/\/www.europesays.com\/fr\/wp-json\/wp\/v2\/types\/post"}],"author":[{"embeddable":true,"href":"https:\/\/www.europesays.com\/fr\/wp-json\/wp\/v2\/users\/2"}],"replies":[{"embeddable":true,"href":"https:\/\/www.europesays.com\/fr\/wp-json\/wp\/v2\/comments?post=363145"}],"version-history":[{"count":0,"href":"https:\/\/www.europesays.com\/fr\/wp-json\/wp\/v2\/posts\/363145\/revisions"}],"wp:featuredmedia":[{"embeddable":true,"href":"https:\/\/www.europesays.com\/fr\/wp-json\/wp\/v2\/media\/363146"}],"wp:attachment":[{"href":"https:\/\/www.europesays.com\/fr\/wp-json\/wp\/v2\/media?parent=363145"}],"wp:term":[{"taxonomy":"category","embeddable":true,"href":"https:\/\/www.europesays.com\/fr\/wp-json\/wp\/v2\/categories?post=363145"},{"taxonomy":"post_tag","embeddable":true,"href":"https:\/\/www.europesays.com\/fr\/wp-json\/wp\/v2\/tags?post=363145"}],"curies":[{"name":"wp","href":"https:\/\/api.w.org\/{rel}","templated":true}]}}