{"id":363147,"date":"2025-09-03T11:44:15","date_gmt":"2025-09-03T11:44:15","guid":{"rendered":"https:\/\/www.europesays.com\/fr\/363147\/"},"modified":"2025-09-03T11:44:15","modified_gmt":"2025-09-03T11:44:15","slug":"plonge-dans-lhistoire-des-boulevards-a-travers-le-salon-de-photographie-a-bordeaux","status":"publish","type":"post","link":"https:\/\/www.europesays.com\/fr\/363147\/","title":{"rendered":"Plonge dans l\u2019histoire des boulevards \u00e0 travers le salon de photographie \u00e0 Bordeaux !"},"content":{"rendered":"<p>Si tu te balades souvent dans <a href=\"http:\/\/bordeaux.fr\" target=\"_blank\" rel=\"noreferrer noopener nofollow\">Bordeaux<\/a>, tu as s\u00fbrement remarqu\u00e9 la beaut\u00e9 et la structure des boulevards qui entourent la ville. Mais sais-tu vraiment comment ils ont \u00e9volu\u00e9 au fil des d\u00e9cennies ? La 32\u1d49 \u00e9dition du\u00a0salon photographique de La M\u00e9moire de Bordeaux M\u00e9tropole\u00a0te propose de le d\u00e9couvrir, \u00e0 travers des clich\u00e9s qui racontent l\u2019histoire de la ville et la vie de ceux qui l\u2019habitent.<\/p>\n<p style=\"font-size:16px\">L\u2019exposition te plonge dans un parcours visuel fascinant, qui montre comment les boulevards ont chang\u00e9 depuis le <strong>XIX\u1d49 si\u00e8cle<\/strong>. Tu pourras observer<strong> la transformation d\u2019espaces p\u00e9riph\u00e9riques en v\u00e9ritables lieux de vie, de circulation et de commerce.<\/strong> Les photographies anciennes c\u00f4toient les images contemporaines, offrant un contraste saisissant et <strong>une lecture \u00e0 la fois historique et sociale<\/strong>. D\u00e9placements, commerces, habitats\u2026 chaque clich\u00e9 t\u00e9moigne de l\u2019usage quotidien de ces art\u00e8res et de l\u2019\u00e9volution des pratiques urbaines.<\/p>\n<p style=\"font-size:16px\">Organis\u00e9 en collaboration avec l\u2019<strong><a href=\"https:\/\/www.aurba.org\" target=\"_blank\" rel=\"noreferrer noopener nofollow\">Agence d\u2019urbanisme Bordeaux Aquitaine<\/a><\/strong>\u00a0et\u00a0<strong>Bordeaux M\u00e9tropole<\/strong>, ce salon met en lumi\u00e8re l\u2019importance de ces boulevards dans la structuration de la ville. <strong>C\u2019est une occasion unique de comprendre comment ces espaces ont fa\u00e7onn\u00e9<\/strong> le quotidien des Bordelais, tout en continuant \u00e0 jouer un r\u00f4le central dans la vie de la m\u00e9tropole.<\/p>\n<p><img fetchpriority=\"high\" decoding=\"async\" width=\"810\" height=\"829\" src=\"https:\/\/www.europesays.com\/fr\/wp-content\/uploads\/2025\/09\/492003594_1088930059931081_1834996973358050012_n.jpeg\" alt=\"\" class=\"wp-image-82984\" style=\"width:573px;height:auto\"  \/>Plonge dans l\u2019histoire des boulevards bordelais \u00e0 travers des clich\u00e9s -\u00a9Facebook La M\u00e9moire de Bordeaux M\u00e9tropole<\/p>\n<p>Un regard renouvel\u00e9 sur la m\u00e9moire locale<\/p>\n<p style=\"font-size:16px\">Chaque ann\u00e9e, <strong>La M\u00e9moire de Bordeaux M\u00e9tropole<\/strong> choisit un th\u00e8me pour revisiter le pass\u00e9 local <strong>\u00e0 travers la photographie<\/strong>. Apr\u00e8s avoir explor\u00e9 <strong>la Garonne ou les quartiers en mutation<\/strong>, l\u2019association s\u2019int\u00e9resse cette fois aux boulevards, t\u00e9moins des changements urbanistiques et sociaux. L\u2019exposition t\u2019invite \u00e0 regarder ces art\u00e8res d\u2019un \u0153il neuf, \u00e0 mesurer les transformations et \u00e0 r\u00e9fl\u00e9chir \u00e0 la mani\u00e8re dont la ville se construit au fil du temps.<\/p>\n<p style=\"font-size:16px\">Le salon devient ainsi un espace de\u00a0<strong>transmission et de r\u00e9flexion<\/strong>, accessible autant aux passionn\u00e9s de patrimoine qu\u2019aux curieux qui souhaitent mieux comprendre l\u2019\u00e9volution de leur cadre de vie.<strong><a href=\"https:\/\/www.musee-aquitaine-bordeaux.fr\/centre-national-jean-moulin\" target=\"_blank\" rel=\"noreferrer noopener nofollow\"> Le Centre national Jean Moulin<\/a><\/strong>, situ\u00e9 en plein c\u0153ur de <strong>Bordeaux<\/strong>, offre un cadre id\u00e9al pour cette immersion dans l\u2019histoire de la ville.<\/p>\n<p>Comprendre et partager l\u2019histoire urbaine<\/p>\n<p style=\"font-size:16px\"><strong>Au-del\u00e0 de la beaut\u00e9 des images<\/strong>, le salon s\u2019inscrit dans une <strong>d\u00e9marche de valorisation<\/strong> de la <strong>m\u00e9moire collective<\/strong>. <strong>Chaque photographie contribue \u00e0 nourrir la connaissance de la ville<\/strong> et \u00e0 renforcer le lien des habitants avec leur territoire. Tu d\u00e9couvriras comment Bordeaux s\u2019est fa\u00e7onn\u00e9e au fil des si\u00e8cles et comment elle continue de se transformer aujourd\u2019hui.<\/p>\n<p style=\"font-size:16px\">L\u2019exposition \u00ab\u00a0<strong>Les boulevards en mouvement<\/strong>\u00a0\u00bb t\u2019invite donc \u00e0 regarder la ville autrement. Elle met en lumi\u00e8re la dynamique urbaine et sociale <strong>qui anime ces grandes art\u00e8res et te propose de contempler des images rares et instructives<\/strong>. Que tu sois passionn\u00e9 d\u2019histoire, curieux de ton environnement ou simplement en qu\u00eate d\u2019une balade visuelle, cette exposition est une exp\u00e9rience \u00e0 ne pas manquer.<\/p>\n<p class=\"has-text-align-center\" style=\"font-size:16px\"><strong>On y va ? <\/strong><br \/>\ud83d\udccdCentre national Jean Moulin, Bordeaux<br \/>\ud83d\udcc5Du 8 au 21 septembre 2025<br \/>\ud83d\udc9bOuvert \u00e0 tous.tes<br \/>\ud83d\udcf2<\/p>\n<p style=\"font-size:16px\">\u00c0 lire aussi : <a href=\"https:\/\/www.bougerabordeaux.com\/food\/code-23-ladresse-chic-et-envoutante-qui-reinvente-tes-soirees-bordelaises\/\" target=\"_blank\" rel=\"noreferrer noopener nofollow\">CODE 23 : l\u2019adresse chic et envo\u00fbtante qui r\u00e9invente tes soir\u00e9es bordelaises !<\/a><\/p>\n","protected":false},"excerpt":{"rendered":"Si tu te balades souvent dans Bordeaux, tu as s\u00fbrement remarqu\u00e9 la beaut\u00e9 et la structure des boulevards&hellip;\n","protected":false},"author":2,"featured_media":363148,"comment_status":"","ping_status":"","sticky":false,"template":"","format":"standard","meta":{"footnotes":""},"categories":[2817],"tags":[1111,11,1997,1777,674,1011,27,12,2219,25],"class_list":{"0":"post-363147","1":"post","2":"type-post","3":"status-publish","4":"format-standard","5":"has-post-thumbnail","7":"category-bordeaux","8":"tag-actu","9":"tag-actualites","10":"tag-bordeaux","11":"tag-eu","12":"tag-europe","13":"tag-fr","14":"tag-france","15":"tag-news","16":"tag-nouvelle-aquitaine","17":"tag-republique-francaise"},"share_on_mastodon":{"url":"https:\/\/pubeurope.com\/@fr\/115140196102706341","error":""},"_links":{"self":[{"href":"https:\/\/www.europesays.com\/fr\/wp-json\/wp\/v2\/posts\/363147","targetHints":{"allow":["GET"]}}],"collection":[{"href":"https:\/\/www.europesays.com\/fr\/wp-json\/wp\/v2\/posts"}],"about":[{"href":"https:\/\/www.europesays.com\/fr\/wp-json\/wp\/v2\/types\/post"}],"author":[{"embeddable":true,"href":"https:\/\/www.europesays.com\/fr\/wp-json\/wp\/v2\/users\/2"}],"replies":[{"embeddable":true,"href":"https:\/\/www.europesays.com\/fr\/wp-json\/wp\/v2\/comments?post=363147"}],"version-history":[{"count":0,"href":"https:\/\/www.europesays.com\/fr\/wp-json\/wp\/v2\/posts\/363147\/revisions"}],"wp:featuredmedia":[{"embeddable":true,"href":"https:\/\/www.europesays.com\/fr\/wp-json\/wp\/v2\/media\/363148"}],"wp:attachment":[{"href":"https:\/\/www.europesays.com\/fr\/wp-json\/wp\/v2\/media?parent=363147"}],"wp:term":[{"taxonomy":"category","embeddable":true,"href":"https:\/\/www.europesays.com\/fr\/wp-json\/wp\/v2\/categories?post=363147"},{"taxonomy":"post_tag","embeddable":true,"href":"https:\/\/www.europesays.com\/fr\/wp-json\/wp\/v2\/tags?post=363147"}],"curies":[{"name":"wp","href":"https:\/\/api.w.org\/{rel}","templated":true}]}}