{"id":363149,"date":"2025-09-03T11:45:24","date_gmt":"2025-09-03T11:45:24","guid":{"rendered":"https:\/\/www.europesays.com\/fr\/363149\/"},"modified":"2025-09-03T11:45:24","modified_gmt":"2025-09-03T11:45:24","slug":"ou-suivre-les-p1000-de-tours-narbonne-bordeaux-et-strasbourg","status":"publish","type":"post","link":"https:\/\/www.europesays.com\/fr\/363149\/","title":{"rendered":"O\u00f9 suivre les P1000 de Tours, Narbonne, Bordeaux et Strasbourg ?"},"content":{"rendered":"<p>Le padel fran\u00e7ais vit un nouveau week-end intense avec pas moins de <strong>quatre P1000 au programme<\/strong>. Tours, Narbonne, Bordeaux et Strasbourg accueilleront certains des meilleurs joueurs hexagonaux, et toutes les rencontres \u00e0 partir des quarts seront \u00e0 suivre <strong>en direct sur <a href=\"https:\/\/www.youtube.com\/@padelmagtv6756\" title=\"\" target=\"_blank\" rel=\"noopener\">Padel Mag TV<\/a><\/strong>.<\/p>\n<p>P1000 La Bulle Padel Club (Tours)<\/p>\n<p>Le P1000 de <strong>La Bulle Padel Club<\/strong> s\u2019annonce passionnant. En t\u00eate de s\u00e9rie 1, <strong>J\u00e9r\u00e9my Garcia et Alexis Coulombeau<\/strong> arrivent en grands favoris.<br \/>Derri\u00e8re, <strong>Pierre Perez Le Tiec \/ Bilal Duprat<\/strong> (TS2) seront des candidats s\u00e9rieux, tout comme les jeunes <strong>Arthaud Dumoulin \/ Tom Couturier<\/strong> (TS3).<br \/>On note la pr\u00e9sence de <strong>Jules Marie<\/strong> avec le Luxembourgeois Cl\u00e9ment Pelt, ou encore <strong>L\u00e9o Poulain \/ Yannouck Henrion<\/strong>.<\/p>\n<\/p>\n<\/p>\n<p>P1000 Set Padel Narbonne<\/p>\n<p>\u00c0 <strong>Narbonne<\/strong>, la t\u00eate de s\u00e9rie 1 sera compos\u00e9e de <strong>Charles Gortzounian \/ Ludovic Cancel<\/strong>.<br \/>En embuscade, <strong>Thibaud Pech \/ Lo\u00efc Le Panse<\/strong> (TS2), <strong>Nicolas Trancart \/ Hugo Cazaban<\/strong> (TS3) et <strong>Baptiste Delvienne \/ Rapha\u00ebl Rubio<\/strong> (TS4) viseront aussi le titre.<br \/>\u00c0 noter la pr\u00e9sence de l\u2019Espagnol <strong>Roger Arumi-Siquier (192e mondial)<\/strong>, associ\u00e9 \u00e0 Marc-Edou Chavey.<\/p>\n<\/p>\n<\/p>\n<p>P1000 4PADEL Bordeaux<\/p>\n<p>\u00c0 <strong>Bordeaux<\/strong>, c\u2019est le grand retour \u00e0 la comp\u00e9tition de <strong>Thomas Vanbauce<\/strong>, qui jouera aux c\u00f4t\u00e9s d\u2019<strong>Elio Sarrat<\/strong> (TS1).<br \/>Parmi les autres favoris : <strong>Benjamin Grue \/ Lucas Pillon<\/strong> (TS2), <strong>Robin Roux \/ Dorian De Meyer<\/strong> (TS3) et <strong>Julen Fabas \/ Benjamin Dufour<\/strong> (TS4).<\/p>\n<\/p>\n<\/p>\n<p> P1000 GPadel Strasbourg<\/p>\n<p>Enfin, direction <strong>Strasbourg<\/strong>, avec en t\u00eates d\u2019affiche <strong>Yanis Muesser et Simon Wagner<\/strong> qui partiront logiquement favoris sur leurs terres.<\/p>\n<\/p>\n<\/p>\n<p>Suivez les matchs en direct sur Padel Mag TV<\/p>\n<p>Tous ces tournois seront \u00e0 <strong>suivre en direct \u00e0 partir des quarts de finale sur <a href=\"https:\/\/www.youtube.com\/@padelmagtv6756\" title=\"\" target=\"_blank\" rel=\"noopener\">Padel Mag TV<\/a><\/strong>.<\/p>\n<p><img loading=\"lazy\" decoding=\"async\" data-del=\"avatar\" alt=\"Benjamin Dupouy\" src=\"https:\/\/www.europesays.com\/fr\/wp-content\/uploads\/2025\/04\/IMG_5219-150x150.jpg\" class=\"avatar pp-user-avatar avatar-100 photo \" height=\"100\" width=\"100\"\/><\/p>\n<p>J\u2019ai d\u00e9couvert le padel directement lors d\u2019un tournoi, et franchement, je n\u2019ai pas trop accroch\u00e9 au d\u00e9but. Mais la deuxi\u00e8me fois, \u00e7a a \u00e9t\u00e9 le coup de foudre, et depuis, je ne rate plus un seul match. Je suis m\u00eame pr\u00eat \u00e0 rester \u00e9veill\u00e9 jusqu\u2019\u00e0 3h du matin pour regarder une finale de Premier Padel !<\/p>\n<p class=\"related-title\">Sur le m\u00eame sujet<\/p>\n","protected":false},"excerpt":{"rendered":"Le padel fran\u00e7ais vit un nouveau week-end intense avec pas moins de quatre P1000 au programme. Tours, Narbonne,&hellip;\n","protected":false},"author":2,"featured_media":363150,"comment_status":"","ping_status":"","sticky":false,"template":"","format":"standard","meta":{"footnotes":""},"categories":[2817],"tags":[1111,11,1997,1777,674,1011,27,12,2219,15168,25],"class_list":{"0":"post-363149","1":"post","2":"type-post","3":"status-publish","4":"format-standard","5":"has-post-thumbnail","7":"category-bordeaux","8":"tag-actu","9":"tag-actualites","10":"tag-bordeaux","11":"tag-eu","12":"tag-europe","13":"tag-fr","14":"tag-france","15":"tag-news","16":"tag-nouvelle-aquitaine","17":"tag-p1000","18":"tag-republique-francaise"},"share_on_mastodon":{"url":"https:\/\/pubeurope.com\/@fr\/115140200199097748","error":""},"_links":{"self":[{"href":"https:\/\/www.europesays.com\/fr\/wp-json\/wp\/v2\/posts\/363149","targetHints":{"allow":["GET"]}}],"collection":[{"href":"https:\/\/www.europesays.com\/fr\/wp-json\/wp\/v2\/posts"}],"about":[{"href":"https:\/\/www.europesays.com\/fr\/wp-json\/wp\/v2\/types\/post"}],"author":[{"embeddable":true,"href":"https:\/\/www.europesays.com\/fr\/wp-json\/wp\/v2\/users\/2"}],"replies":[{"embeddable":true,"href":"https:\/\/www.europesays.com\/fr\/wp-json\/wp\/v2\/comments?post=363149"}],"version-history":[{"count":0,"href":"https:\/\/www.europesays.com\/fr\/wp-json\/wp\/v2\/posts\/363149\/revisions"}],"wp:featuredmedia":[{"embeddable":true,"href":"https:\/\/www.europesays.com\/fr\/wp-json\/wp\/v2\/media\/363150"}],"wp:attachment":[{"href":"https:\/\/www.europesays.com\/fr\/wp-json\/wp\/v2\/media?parent=363149"}],"wp:term":[{"taxonomy":"category","embeddable":true,"href":"https:\/\/www.europesays.com\/fr\/wp-json\/wp\/v2\/categories?post=363149"},{"taxonomy":"post_tag","embeddable":true,"href":"https:\/\/www.europesays.com\/fr\/wp-json\/wp\/v2\/tags?post=363149"}],"curies":[{"name":"wp","href":"https:\/\/api.w.org\/{rel}","templated":true}]}}