{"id":363153,"date":"2025-09-03T11:47:19","date_gmt":"2025-09-03T11:47:19","guid":{"rendered":"https:\/\/www.europesays.com\/fr\/363153\/"},"modified":"2025-09-03T11:47:19","modified_gmt":"2025-09-03T11:47:19","slug":"insolite-une-peluche-va-graviter-autour-de-la-lune-et-elle-pourrait-etre-made-in-toulouse","status":"publish","type":"post","link":"https:\/\/www.europesays.com\/fr\/363153\/","title":{"rendered":"Insolite. Une peluche va graviter autour de la lune et elle pourrait \u00eatre&#8230; made in Toulouse\u00a0!"},"content":{"rendered":"<p>            Par<br \/>\n        <strong><br \/>\n            <a href=\"https:\/\/actu.fr\/auteur\/enzo-legros\" title=\"Consulter tous les articles de Enzo Legros\" rel=\"nofollow noopener\" target=\"_blank\">Enzo Legros<\/a><br \/>\n        <\/strong><\/p>\n<p>        Publi\u00e9 le<\/p>\n<p>            3 sept. 2025 \u00e0 13h06        <\/p>\n<p>Lorsqu\u2019on parle d\u2019un objet envoy\u00e9 dans l\u2019espace, on pense tout de suite \u00e0 une fus\u00e9e ou un satellite, alors que la Nasa pense actuellement \u00e0\u2026 <strong>faire graviter une peluche autour de la Lune<\/strong>. Ce n\u2019est pas une blague, l\u2019agence spatiale am\u00e9ricaine est bien \u00e0 la recherche d\u2019un doux compagnon pour sa prochaine mission <strong>Artemis II<\/strong> pr\u00e9vue en 2026, et son bonheur pourrait venir de <strong><a href=\"https:\/\/actu.fr\/toulouse\/\" rel=\"nofollow noopener\" target=\"_blank\">Toulouse<\/a>\u2009<\/strong>! Voici pourquoi.<\/p>\n<p>Une peluche toulousaine retenue<\/p>\n<p class=\" wall-content\">La Nasa a lanc\u00e9 en mars\u00a02025 <strong>un concours<\/strong> international, <strong>ouvert \u00e0 tous<\/strong>, pour inviter les habitants de toute la plan\u00e8te \u00e0 proposer des maquettes de mascotte. Pour cela, elle avait partag\u00e9 un outil de design accessible publiquement pour concevoir sa propre peluche, avec quelques crit\u00e8res, de taille notamment. \u00c0 la fin du mois d\u2019ao\u00fbt, <a href=\"https:\/\/www.nasa.gov\/general\/nasa-shares-final-contenders-for-artemis-ii-moon-mascot-design-contest\/\" rel=\"nofollow noopener\" target=\"_blank\">l\u2019agence am\u00e9ricaine a d\u00e9voil\u00e9 la liste des finalistes<\/a>, qui pourront peut-\u00eatre remporter la somme de <strong>1\u2009225\u00a0dollars en cas de victoire.<\/strong><\/p>\n<p class=\" wall-content\">Un certain Guillaume Truong, jeune ing\u00e9nieur de Toulouse, fait partie des laur\u00e9ats. Le nom de sa cr\u00e9ature\u2009: <strong>Space Mola Mola, <\/strong>ou<strong> le Poisson-Lune <\/strong>en fran\u00e7ais<strong>.<\/strong><\/p>\n<p>    <img   decoding=\"async\" loading=\"lazy\" src=\"https:\/\/www.europesays.com\/fr\/wp-content\/uploads\/2025\/09\/space-mola-mola-gt-960x640.jpeg\" alt=\"Cette peluche pourrait partir dans l'espace, pour une mission bien pr\u00e9cise et indispensable. \" width=\"960\" height=\"640\"\/><br \/>\n    Cette peluche pourrait partir dans l\u2019espace, pour une mission bien pr\u00e9cise et indispensable. (\u00a9Nasa)Un poisson qui vise la Lune<\/p>\n<p class=\" wall-content\">Sur les maquettes appara\u00eet une sorte de poisson, large de 5 centim\u00e8tres, long de 12 centim\u00e8tres, color\u00e9 de blanc et de gris, essentiellement compos\u00e9 de coton. La peluche toulousaine s\u2019est d\u00e9marqu\u00e9e de plus <strong>2\u2009600 propositions dans le monde<\/strong>, pour terminer dans les 25 finalistes du concours.<\/p>\n<p>Vid\u00e9os : en ce moment sur Actu<\/p>\n<p class=\" wall-content\">\u00ab\u2009Les astronautes Reid Wiseman, Victor Glover et Christina Koch de la NASA, ainsi que l\u2019astronaute de l\u2019Agence spatiale canadienne Jeremy Hansen, s\u00e9lectionneront bient\u00f4t l\u2019un des mod\u00e8les finalistes pour les rejoindre \u00e0 l\u2019int\u00e9rieur du vaisseau spatial Orion en tant que mascotte lunaire\u2009\u00bb, explique la Nasa.<\/p>\n<p>Votre r\u00e9gion, votre actu !<\/p>\n<p>Recevez chaque jour les infos qui comptent pour vous.<\/p>\n<p>\t<a href=\"https:\/\/actu.fr\/newsletter\" class=\"ac-btn ac-btn--corner ac-btn--medium ac-btn--blue800\" rel=\"nofollow noopener\" target=\"_blank\">S&rsquo;incrire<\/a><br \/>\nMission insolite mais importante<\/p>\n<p class=\" wall-content\">Si les futurs aventuriers de la mission Artemis II veulent embarquer une peluche avec eux, ce n\u2019est pas pour rien. \u00ab\u2009L\u2019indicateur d\u2019apesanteur d\u2019Artemis II sera <strong>un atout pr\u00e9cieux<\/strong> pour l\u2019\u00e9quipage\u2009\u00bb, a d\u00e9clar\u00e9 Reid Wiseman, commandant d\u2019Artemis II. Concr\u00e8tement, l\u2019objectif de la mascotte lunaire sera d\u2019indiquer aux astronautes le moment o\u00f9 ils seront arriv\u00e9s dans l\u2019espace.<\/p>\n<blockquote class=\"ac-article-quote wall-content\">\n<p>Pendant les huit premi\u00e8res minutes suivant le d\u00e9collage, l&rsquo;\u00e9quipage et son indicateur \u00e0 proximit\u00e9 seront toujours enfonc\u00e9s dans leur si\u00e8ge par la gravit\u00e9 et la force de l&rsquo;ascension. Lorsque les moteurs principaux de la fus\u00e9e s&rsquo;arr\u00eateront, les contraintes de gravit\u00e9 seront lev\u00e9es, mais l&rsquo;\u00e9quipage sera toujours attach\u00e9 en toute s\u00e9curit\u00e9 \u00e0 ses si\u00e8ges. La capacit\u00e9 de l&rsquo;indicateur d&rsquo;apesanteur \u00e0 flotter prouvera qu&rsquo;il a atteint l&rsquo;espace.<\/p>\n<p>    <strong>NASA<\/strong>\n            <\/p><\/blockquote>\n<p class=\" wall-content\">S\u2019il est choisi, Space Mola Mola pourrait donc \u00eatre d\u2019une<strong> aide symbolique<\/strong> pour la s\u00e9curit\u00e9 des membres de la mission. Cette derni\u00e8re vise \u00e0 tester le vaisseau Orion \u00e0 \u00ab\u2009proximit\u00e9\u2009\u00bb de la Terre, avant <strong>d\u2019envisager le grand voyage<\/strong>\u2009: le trajet <strong><a href=\"https:\/\/actu.fr\/occitanie\/toulouse_31555\/toulouse-isae-supaero-depuis-dix-ans-ils-explorent-la-planete-mars-sur-terre_61064273.html\" rel=\"nofollow noopener\" target=\"_blank\">jusqu\u2019\u00e0 la plan\u00e8te Mars<\/a>.<\/strong><\/p>\n<p class=\" wall-content\">Personnalisez votre actualit\u00e9 en ajoutant vos villes et m\u00e9dias en favori avec <a href=\"https:\/\/moncompte.actu.fr\" title=\"D\u00e9couvez Mon Actu\" rel=\"nofollow noopener\" data-trk=\"{&quot;cta&quot;:{&quot;action&quot;:&quot;https:\\\/\\\/moncompte.actu.fr&quot;,&quot;category&quot;:&quot;mon compte&quot;,&quot;from&quot;:&quot;article footer&quot;,&quot;name&quot;:&quot;Mon actu&quot;,&quot;type&quot;:&quot;cta&quot;}}\" target=\"_blank\">Mon Actu<\/a>.<\/p>\n","protected":false},"excerpt":{"rendered":"Par Enzo Legros Publi\u00e9 le 3 sept. 2025 \u00e0 13h06 Lorsqu\u2019on parle d\u2019un objet envoy\u00e9 dans l\u2019espace, on&hellip;\n","protected":false},"author":2,"featured_media":363154,"comment_status":"","ping_status":"","sticky":false,"template":"","format":"standard","meta":{"footnotes":""},"categories":[2816],"tags":[1111,11,386,1777,674,1011,27,1757,12,2680,25,2312],"class_list":{"0":"post-363153","1":"post","2":"type-post","3":"status-publish","4":"format-standard","5":"has-post-thumbnail","7":"category-toulouse","8":"tag-actu","9":"tag-actualites","10":"tag-espace","11":"tag-eu","12":"tag-europe","13":"tag-fr","14":"tag-france","15":"tag-insolite","16":"tag-news","17":"tag-occitanie","18":"tag-republique-francaise","19":"tag-toulouse"},"share_on_mastodon":{"url":"https:\/\/pubeurope.com\/@fr\/115140207816684349","error":""},"_links":{"self":[{"href":"https:\/\/www.europesays.com\/fr\/wp-json\/wp\/v2\/posts\/363153","targetHints":{"allow":["GET"]}}],"collection":[{"href":"https:\/\/www.europesays.com\/fr\/wp-json\/wp\/v2\/posts"}],"about":[{"href":"https:\/\/www.europesays.com\/fr\/wp-json\/wp\/v2\/types\/post"}],"author":[{"embeddable":true,"href":"https:\/\/www.europesays.com\/fr\/wp-json\/wp\/v2\/users\/2"}],"replies":[{"embeddable":true,"href":"https:\/\/www.europesays.com\/fr\/wp-json\/wp\/v2\/comments?post=363153"}],"version-history":[{"count":0,"href":"https:\/\/www.europesays.com\/fr\/wp-json\/wp\/v2\/posts\/363153\/revisions"}],"wp:featuredmedia":[{"embeddable":true,"href":"https:\/\/www.europesays.com\/fr\/wp-json\/wp\/v2\/media\/363154"}],"wp:attachment":[{"href":"https:\/\/www.europesays.com\/fr\/wp-json\/wp\/v2\/media?parent=363153"}],"wp:term":[{"taxonomy":"category","embeddable":true,"href":"https:\/\/www.europesays.com\/fr\/wp-json\/wp\/v2\/categories?post=363153"},{"taxonomy":"post_tag","embeddable":true,"href":"https:\/\/www.europesays.com\/fr\/wp-json\/wp\/v2\/tags?post=363153"}],"curies":[{"name":"wp","href":"https:\/\/api.w.org\/{rel}","templated":true}]}}