{"id":363157,"date":"2025-09-03T11:49:19","date_gmt":"2025-09-03T11:49:19","guid":{"rendered":"https:\/\/www.europesays.com\/fr\/363157\/"},"modified":"2025-09-03T11:49:19","modified_gmt":"2025-09-03T11:49:19","slug":"les-histoires-les-plus-folles-et-parfois-tragiques-de-la-braderie-de-lille","status":"publish","type":"post","link":"https:\/\/www.europesays.com\/fr\/363157\/","title":{"rendered":"Les histoires les plus folles (et parfois tragiques) de la Braderie de Lille"},"content":{"rendered":"<p><b>Quand Lille s\u2019est prise pour un tableau (1882)<\/b>&#13;<\/p>\n<p>Imagine une braderie d\u00e9cal\u00e9e en octobre, avec <strong>les Lillois habill\u00e9s comme au XVIIIe si\u00e8cle,<\/strong> pour rejouer un tableau de Fran\u00e7ois Watteau. En perruques et culottes courtes. Objectif\u00a0: c\u00e9l\u00e9brer la fin du si\u00e8ge de Lille par l\u2019arm\u00e9e autrichienne en 1792. Les badauds ont d\u00fb halluciner devant ce cosplay historique avant l\u2019heure.<\/p>\n<p>&#13;<\/p>\n<p><img loading=\"lazy\" decoding=\"async\" src=\"https:\/\/www.europesays.com\/fr\/wp-content\/uploads\/2025\/09\/histoires-folles-braderie-lille-1.jpg\" width=\"600\" height=\"463\" alt=\"\"\/><\/p>\n<p>&#13;<br \/>\n<b>La Braderie sans moules (1945)<\/b>&#13;<\/p>\n<p>On croit r\u00eaver mais non\u00a0: <strong>la toute premi\u00e8re braderie d\u2019apr\u00e8s-guerre a d\u00e9marr\u00e9\u2026 sans moules.<\/strong> Le rationnement battait encore son plein, alors Lille a tent\u00e9 l\u2019import depuis la Hollande. Probl\u00e8me\u00a0: les cargaisons arriv\u00e9es \u00e0 Saint-Sauveur \u00e9taient avari\u00e9es et ont fini directement \u00e0 la poubelle. Un traumatisme collectif dans le Nord.<\/p>\n<p>&#13;<\/p>\n<p><img loading=\"lazy\" decoding=\"async\" src=\"https:\/\/www.europesays.com\/fr\/wp-content\/uploads\/2025\/09\/histoires-folles-braderie-lille-2.jpg\" width=\"870\" height=\"430\" alt=\"\"\/><\/p>\n<p>&#13;<br \/>\n<b>Le show t\u00e9l\u00e9 qui a chang\u00e9 la donne (1981)<\/b>&#13;<\/p>\n<p>La braderie, jusque-l\u00e0 plut\u00f4t confidentielle, passe d\u2019un coup en star nationale. Merci Pierre Mauroy, alors maire de Lille et nouveau Premier ministre, <strong>qui ram\u00e8ne les cam\u00e9ras d\u2019Antenne 2 sur l\u2019\u00e9v\u00e9nement.<\/strong> \u00c0 partir de l\u00e0, impossible pour la France enti\u00e8re d\u2019ignorer ce joyeux bric-\u00e0-brac.<\/p>\n<p>&#13;<\/p>\n<p><img loading=\"lazy\" decoding=\"async\" src=\"https:\/\/www.europesays.com\/fr\/wp-content\/uploads\/2025\/09\/histoires-folles-braderie-lille-3.jpg\" width=\"776\" height=\"523\" alt=\"\"\/><\/p>\n<p>&#13;<br \/>\n<b>Le samedi qui a remplac\u00e9 le lundi (1996)<\/b>&#13;<\/p>\n<p><strong>Avant, la braderie c\u2019\u00e9tait dimanche-lundi<\/strong> (Eh oui, les Lillois posaient carr\u00e9ment leur lundi pour chiner). En 1996, fini le \u201clundi de braderie\u201d, place au samedi-dimanche. Moins exotique, mais tellement plus pratique (enfin, \u00e7a d\u00e9pend pour qui).<\/p>\n<p>&#13;<br \/>\n<b>Une drache m\u00e9morable (2011)<\/b>&#13;<\/p>\n<p>Tout commence sous un beau soleil\u2026 puis d\u2019un coup, alerte m\u00e9t\u00e9o\u00a0: <strong>pluie diluvienne et rafales \u00e0 90 km\/h.<\/strong> Les bradeux remballent frites et fringues dans la panique. Une vision d\u2019apocalypse sous les b\u00e2ches envol\u00e9es. Le lendemain, comme si de rien n\u2019\u00e9tait, la braderie reprend. Bienvenue dans le Nord.<\/p>\n<p>&#13;<\/p>\n<p><img loading=\"lazy\" decoding=\"async\" src=\"https:\/\/www.europesays.com\/fr\/wp-content\/uploads\/2025\/09\/histoires-folles-braderie-lille-4.jpg\" width=\"1000\" height=\"558\" alt=\"\"\/><\/p>\n<p>&#13;<br \/>\n<b>L\u2019\u00e9dition annul\u00e9e (2016)<\/b>&#13;<\/p>\n<p>Apr\u00e8s les attentats de Nice, <strong>la s\u00e9curit\u00e9 passe avant tout\u00a0: braderie purement annul\u00e9e.<\/strong> Un coup dur pour l\u2019\u00e9conomie locale et le moral des Lillois. Comme un dimanche sans frites ni bonne bi\u00e8re. Lourd.<\/p>\n<p>&#13;<br \/>\n<b>Et m\u00eame le Covid est pass\u00e9 par l\u00e0 (2020)<\/b>&#13;<\/p>\n<p>Comme aux temps de la peste, la pand\u00e9mie a elle aussi mis la braderie sur pause. <strong>La ville s\u2019est retrouv\u00e9e orpheline de son week-end le plus bruyant, remplac\u00e9 par des rues (trop) calmes.<\/strong><\/p>\n<p>&#13;<br \/>\n<b>Moralit\u00e9\u00a0?<\/b>&#13;<\/p>\n<p><a href=\"https:\/\/www.lebonbon.fr\/lille\/bons-plans\/braderie-lille-2025-guide-ultime-plus-grand-vide-grenier-europe\/\" rel=\"nofollow noopener\" target=\"_blank\">La Braderie de Lille<\/a> est increvable. M\u00eame quand la m\u00e9t\u00e9o, la politique ou les virus s\u2019en m\u00ealent, elle finit toujours par revenir. Rendez-vous d\u00e9but septembre pour \u00e9crire, peut-\u00eatre, la prochaine anecdote WTF de son histoire.<\/p>\n<p>&#13;<\/p>\n<p><strong>Sources\u00a0: Good Morning Lille, Braderie-de-Lille.fr<\/strong><\/p>\n","protected":false},"excerpt":{"rendered":"Quand Lille s\u2019est prise pour un tableau (1882)&#13; Imagine une braderie d\u00e9cal\u00e9e en octobre, avec les Lillois habill\u00e9s&hellip;\n","protected":false},"author":2,"featured_media":363158,"comment_status":"","ping_status":"","sticky":false,"template":"","format":"standard","meta":{"footnotes":""},"categories":[2815],"tags":[1111,11,1777,674,1011,27,811,1307,12,25],"class_list":{"0":"post-363157","1":"post","2":"type-post","3":"status-publish","4":"format-standard","5":"has-post-thumbnail","7":"category-lille","8":"tag-actu","9":"tag-actualites","10":"tag-eu","11":"tag-europe","12":"tag-fr","13":"tag-france","14":"tag-hauts-de-france","15":"tag-lille","16":"tag-news","17":"tag-republique-francaise"},"share_on_mastodon":{"url":"https:\/\/pubeurope.com\/@fr\/115140215845441726","error":""},"_links":{"self":[{"href":"https:\/\/www.europesays.com\/fr\/wp-json\/wp\/v2\/posts\/363157","targetHints":{"allow":["GET"]}}],"collection":[{"href":"https:\/\/www.europesays.com\/fr\/wp-json\/wp\/v2\/posts"}],"about":[{"href":"https:\/\/www.europesays.com\/fr\/wp-json\/wp\/v2\/types\/post"}],"author":[{"embeddable":true,"href":"https:\/\/www.europesays.com\/fr\/wp-json\/wp\/v2\/users\/2"}],"replies":[{"embeddable":true,"href":"https:\/\/www.europesays.com\/fr\/wp-json\/wp\/v2\/comments?post=363157"}],"version-history":[{"count":0,"href":"https:\/\/www.europesays.com\/fr\/wp-json\/wp\/v2\/posts\/363157\/revisions"}],"wp:featuredmedia":[{"embeddable":true,"href":"https:\/\/www.europesays.com\/fr\/wp-json\/wp\/v2\/media\/363158"}],"wp:attachment":[{"href":"https:\/\/www.europesays.com\/fr\/wp-json\/wp\/v2\/media?parent=363157"}],"wp:term":[{"taxonomy":"category","embeddable":true,"href":"https:\/\/www.europesays.com\/fr\/wp-json\/wp\/v2\/categories?post=363157"},{"taxonomy":"post_tag","embeddable":true,"href":"https:\/\/www.europesays.com\/fr\/wp-json\/wp\/v2\/tags?post=363157"}],"curies":[{"name":"wp","href":"https:\/\/api.w.org\/{rel}","templated":true}]}}