{"id":363159,"date":"2025-09-03T11:50:11","date_gmt":"2025-09-03T11:50:11","guid":{"rendered":"https:\/\/www.europesays.com\/fr\/363159\/"},"modified":"2025-09-03T11:50:11","modified_gmt":"2025-09-03T11:50:11","slug":"5-me-pour-voir-depuis-lespace-linvisible","status":"publish","type":"post","link":"https:\/\/www.europesays.com\/fr\/363159\/","title":{"rendered":"5 M\u20ac pour voir depuis l\u2019espace l\u2019invisible"},"content":{"rendered":"<p> C\u2019est la plus jeune des soci\u00e9t\u00e9s du tableau du 1er semestre des lev\u00e9es de fonds r\u00e9gionales qui sera r\u00e9v\u00e9l\u00e9 jeudi 4 septembre \u00e0 Marseille : Orus, bas\u00e9e \u00e0 Sophia-Antipolis dans les Alpes-Maritimes, a \u00e9t\u00e9 fond\u00e9e en 2024. Il est vrai qu\u2019elle n\u2019est pas partie de rien. Elle a b\u00e9n\u00e9fici\u00e9 de vingt ann\u00e9es d\u2019expertise en optronique\u2026This content is restricted for our subscribers!<\/p>\n<p class=\"subtitle\">Subscribe from 24.99\u20ac by month<\/p>\n<p>Unlimited access to Gomet&rsquo; content<\/p>\n<p>Participate in all the debates of our territory<\/p>\n<p>Enjoy exclusive benefits and services<\/p>\n<p class=\"login\">You already have an account? <a href=\"https:\/\/gomet.net\/login\/?redirect_to=https%3A%2F%2Fgomet.net%2Forus-06-5-me-pour-voir-depuis-lespace-linvisible%2F\" title=\"Login\" rel=\"nofollow noopener\" target=\"_blank\">Sign in<\/a>.<\/p>\n","protected":false},"excerpt":{"rendered":"C\u2019est la plus jeune des soci\u00e9t\u00e9s du tableau du 1er semestre des lev\u00e9es de fonds r\u00e9gionales qui sera&hellip;\n","protected":false},"author":2,"featured_media":363160,"comment_status":"","ping_status":"","sticky":false,"template":"","format":"standard","meta":{"footnotes":""},"categories":[2814],"tags":[1111,11,1777,674,1011,27,884,12,882,25],"class_list":{"0":"post-363159","1":"post","2":"type-post","3":"status-publish","4":"format-standard","5":"has-post-thumbnail","7":"category-marseille","8":"tag-actu","9":"tag-actualites","10":"tag-eu","11":"tag-europe","12":"tag-fr","13":"tag-france","14":"tag-marseille","15":"tag-news","16":"tag-provence-alpes-cote-dazur","17":"tag-republique-francaise"},"share_on_mastodon":{"url":"https:\/\/pubeurope.com\/@fr\/115140219632911891","error":""},"_links":{"self":[{"href":"https:\/\/www.europesays.com\/fr\/wp-json\/wp\/v2\/posts\/363159","targetHints":{"allow":["GET"]}}],"collection":[{"href":"https:\/\/www.europesays.com\/fr\/wp-json\/wp\/v2\/posts"}],"about":[{"href":"https:\/\/www.europesays.com\/fr\/wp-json\/wp\/v2\/types\/post"}],"author":[{"embeddable":true,"href":"https:\/\/www.europesays.com\/fr\/wp-json\/wp\/v2\/users\/2"}],"replies":[{"embeddable":true,"href":"https:\/\/www.europesays.com\/fr\/wp-json\/wp\/v2\/comments?post=363159"}],"version-history":[{"count":0,"href":"https:\/\/www.europesays.com\/fr\/wp-json\/wp\/v2\/posts\/363159\/revisions"}],"wp:featuredmedia":[{"embeddable":true,"href":"https:\/\/www.europesays.com\/fr\/wp-json\/wp\/v2\/media\/363160"}],"wp:attachment":[{"href":"https:\/\/www.europesays.com\/fr\/wp-json\/wp\/v2\/media?parent=363159"}],"wp:term":[{"taxonomy":"category","embeddable":true,"href":"https:\/\/www.europesays.com\/fr\/wp-json\/wp\/v2\/categories?post=363159"},{"taxonomy":"post_tag","embeddable":true,"href":"https:\/\/www.europesays.com\/fr\/wp-json\/wp\/v2\/tags?post=363159"}],"curies":[{"name":"wp","href":"https:\/\/api.w.org\/{rel}","templated":true}]}}