{"id":363161,"date":"2025-09-03T11:51:11","date_gmt":"2025-09-03T11:51:11","guid":{"rendered":"https:\/\/www.europesays.com\/fr\/363161\/"},"modified":"2025-09-03T11:51:11","modified_gmt":"2025-09-03T11:51:11","slug":"tout-le-monde-etait-sous-le-choc","status":"publish","type":"post","link":"https:\/\/www.europesays.com\/fr\/363161\/","title":{"rendered":"Tout le monde \u00e9tait sous le choc"},"content":{"rendered":"<p>            lire plus tard<\/p>\n<p id=\"dialog__title\" class=\"dialog__title\">Pour sauvegarder cet article, connectez-vous ou cr\u00e9ez un compte franceinfo<\/p>\n<p class=\"dialog__description\">Sans paiement. Sans abonnement.<\/p>\n<p>        Fermer la fen\u00eatre d\u2019activation des notifications France Info<\/p>\n<p>            cr\u00e9er votre compte<\/p>\n<p>            se connecter<\/p>\n<p>        Fermer la fen\u00eatre de pr\u00e9sentation<\/p>\n<p>    Publi\u00e9 le 03\/09\/2025 13:21<\/p>\n<p>        Temps de lecture : 1min &#8211; vid\u00e9o : 2min<\/p>\n<p>    <img decoding=\"async\" class=\"francetv-player-wrapper__image\" alt=\"Attaque \u00e0 Marseille : &quot;Tout le monde \u00e9tait sous le choc&quot;\"  width=\"432\" height=\"243\" src=\"https:\/\/www.europesays.com\/fr\/wp-content\/uploads\/2025\/09\/attaque-couteau-marseille-68b824008e973783369582.jpg\" fetchpriority=\"high\"\/><\/p>\n<p>              Attaque \u00e0 Marseille : \u00ab\u00a0Tout le monde \u00e9tait sous le choc\u00a0\u00bb<br \/>\n                    (franceinfo)<\/p>\n<p>      2min<\/p>\n<p>\n  Moins de 24 heures apr\u00e8s l&rsquo;attaque au couteau dans les rues de Marseille, le quartier de Belsunce retrouve son animation. Mais les habitants ne sont pas pr\u00e8s d&rsquo;oublier.\n<\/p>\n<p>Le quartier de Belsunce \u00e0 Marseille a retrouv\u00e9 son calme ce mercredi matin 3 septembre. La veille, c&rsquo;est dans un h\u00f4tel du coin que l&rsquo;assaillant a ass\u00e9n\u00e9 ses premiers coups de couteau. Contre un client d&rsquo;abord, puis le g\u00e9rant et son fils. Bless\u00e9 au dos, il a pris la fuite et trouv\u00e9 refuge dans une boutique voisine. \u00ab\u00a0Il est rentr\u00e9 ici en criant, en courant. Il m&rsquo;a montr\u00e9 sa blessure, raconte le g\u00e9rant. Tout le monde \u00e9tait sous le choc.\u00a0\u00bb<\/p>\n<p>Sur une vid\u00e9o amateur, on distingue l&rsquo;assaillant, un Tunisien de 35 ans, et des habitants du quartier qui tentent en vain de le ma\u00eetriser. L&rsquo;homme s&rsquo;\u00e9chappe. Il frappera deux autres personnes au visage avec une matraque. Avant d&rsquo;\u00eatre neutralis\u00e9 par les policiers devant un restaurant. Puis abattu de plusieurs balles.<\/p>\n<p>\u00ab\u00a0On a ferm\u00e9 le rideau, on \u00e9tait tous ensemble. On a essay\u00e9 de calmer les gens aussi, de se calmer nous-m\u00eames. Apr\u00e8s que les pompiers sont venus, on est tous sortis ensemble par la sortie de secours, se souvient un serveur de l&rsquo;\u00e9tablissement. C&rsquo;est la premi\u00e8re fois que je vois une sc\u00e8ne comme \u00e7a et je pense que je ne vais pas l&rsquo;oublier de toute ma vie.\u00a0\u00bb<\/p>\n<p>L&rsquo;assaillant n&rsquo;\u00e9tait pas radicalis\u00e9 mais <a href=\"https:\/\/www.franceinfo.fr\/marseille\/attaque-au-couteau-a-marseille-la-piste-du-mobile-prive-exploree_7470325.html\" target=\"_self\" rel=\"noopener noreferrer nofollow\" data-tooltip-url=\"https:\/\/www.franceinfo.fr\/marseille\/attaque-au-couteau-a-marseille-la-piste-du-mobile-prive-exploree_7470325.html\">son comportement instable, potentiellement violent<\/a>, \u00e9tait connu des autorit\u00e9s. Le ministre de l&rsquo;Int\u00e9rieur Bruno Retailleau l&rsquo;a confirm\u00e9 mardi soir, sur place \u00e0 Marseille : \u00ab\u00a0C&rsquo;est un individu qui est d\u00e9favorablement connu de nos services\u00a0\u00bb.<\/p>\n<p>L&rsquo;enqu\u00eate se poursuit. Les cinq bless\u00e9s ont \u00e9t\u00e9 pris en charge dans les h\u00f4pitaux de la ville.<\/p>\n","protected":false},"excerpt":{"rendered":"lire plus tard Pour sauvegarder cet article, connectez-vous ou cr\u00e9ez un compte franceinfo Sans paiement. Sans abonnement. Fermer&hellip;\n","protected":false},"author":2,"featured_media":363162,"comment_status":"","ping_status":"","sticky":false,"template":"","format":"standard","meta":{"footnotes":""},"categories":[2814],"tags":[1111,11,1777,674,1011,27,884,12,882,25],"class_list":{"0":"post-363161","1":"post","2":"type-post","3":"status-publish","4":"format-standard","5":"has-post-thumbnail","7":"category-marseille","8":"tag-actu","9":"tag-actualites","10":"tag-eu","11":"tag-europe","12":"tag-fr","13":"tag-france","14":"tag-marseille","15":"tag-news","16":"tag-provence-alpes-cote-dazur","17":"tag-republique-francaise"},"share_on_mastodon":{"url":"https:\/\/pubeurope.com\/@fr\/115140223604098444","error":""},"_links":{"self":[{"href":"https:\/\/www.europesays.com\/fr\/wp-json\/wp\/v2\/posts\/363161","targetHints":{"allow":["GET"]}}],"collection":[{"href":"https:\/\/www.europesays.com\/fr\/wp-json\/wp\/v2\/posts"}],"about":[{"href":"https:\/\/www.europesays.com\/fr\/wp-json\/wp\/v2\/types\/post"}],"author":[{"embeddable":true,"href":"https:\/\/www.europesays.com\/fr\/wp-json\/wp\/v2\/users\/2"}],"replies":[{"embeddable":true,"href":"https:\/\/www.europesays.com\/fr\/wp-json\/wp\/v2\/comments?post=363161"}],"version-history":[{"count":0,"href":"https:\/\/www.europesays.com\/fr\/wp-json\/wp\/v2\/posts\/363161\/revisions"}],"wp:featuredmedia":[{"embeddable":true,"href":"https:\/\/www.europesays.com\/fr\/wp-json\/wp\/v2\/media\/363162"}],"wp:attachment":[{"href":"https:\/\/www.europesays.com\/fr\/wp-json\/wp\/v2\/media?parent=363161"}],"wp:term":[{"taxonomy":"category","embeddable":true,"href":"https:\/\/www.europesays.com\/fr\/wp-json\/wp\/v2\/categories?post=363161"},{"taxonomy":"post_tag","embeddable":true,"href":"https:\/\/www.europesays.com\/fr\/wp-json\/wp\/v2\/tags?post=363161"}],"curies":[{"name":"wp","href":"https:\/\/api.w.org\/{rel}","templated":true}]}}