{"id":363165,"date":"2025-09-03T11:53:12","date_gmt":"2025-09-03T11:53:12","guid":{"rendered":"https:\/\/www.europesays.com\/fr\/363165\/"},"modified":"2025-09-03T11:53:12","modified_gmt":"2025-09-03T11:53:12","slug":"lauteur-des-tirs-de-mortiers-a-la-part-dieu-presente-devant-la-justice","status":"publish","type":"post","link":"https:\/\/www.europesays.com\/fr\/363165\/","title":{"rendered":"L&rsquo;auteur des tirs de mortiers \u00e0 la Part-Dieu pr\u00e9sent\u00e9 devant la justice"},"content":{"rendered":"<p>                            <img loading=\"lazy\" width=\"650\" height=\"406\" class=\"attachment-article size-article wp-post-image lazyload\" alt=\"\" decoding=\"async\" src=\"https:\/\/www.europesays.com\/fr\/wp-content\/uploads\/2025\/08\/Tribunale-palais-de-justice-Genin-Rajon-\u00a9-Tim-Douet_0050-e1673455263317.jpg\" data-eio-rwidth=\"650\" data-eio-rheight=\"406\"\/><\/p>\n<p>Image d\u2019illustration. (\u00a9 Tim Douet)<\/p>\n<p class=\"content\" style=\"font-size:1.2em;font-weight:700\">Samedi 30 ao\u00fbt, l&rsquo;auteur des tirs de mortiers ayant provoqu\u00e9 la panique dans le centre commercial de la Part-Dieu le 28 ao\u00fbt dernier a \u00e9t\u00e9 pr\u00e9sent\u00e9 devant le juge pour enfants. <\/p>\n<p><a href=\"http:\/\/Panique \u00e0 la Part-Dieu \u00e0 Lyon : un individu interpell\u00e9, l'origine des d\u00e9tonations connue\">Le 28 ao\u00fbt dernier, des d\u00e9tonations semblables \u00e0 celles d&rsquo;un coup de feu avaient provoqu\u00e9 un mouvement de foule au centre commercial de la Part-Dieu.<\/a> Si le mouvement de panique avait largement \u00e9t\u00e9 relay\u00e9 sur les r\u00e9seaux sociaux, la rumeur de coup de feu avait vite \u00e9t\u00e9 d\u00e9mentie. En r\u00e9alit\u00e9, il s&rsquo;agissait de tirs de mortiers d&rsquo;artifice lanc\u00e9s par un adolescent en direction d&rsquo;agents de s\u00e9curit\u00e9. <\/p>\n<p>Rapidement interpell\u00e9, l&rsquo;auteur des faits a \u00e9t\u00e9 pr\u00e9sent\u00e9 samedi 30 ao\u00fbt au juge des enfants. Selon <a href=\"https:\/\/c.leprogres.fr\/faits-divers-justice\/2025\/09\/03\/panique-a-la-part-dieu-l-auteur-du-tir-de-mortier-presente-au-juge-des-enfants\" rel=\"nofollow noopener\" target=\"_blank\">le Progr\u00e8s<\/a>, les deux personnes ayant profit\u00e9 de la situation pour voler certains magasins laiss\u00e9s d\u00e9serts seront quant \u00e0 eux jug\u00e9s ult\u00e9rieurement.  <\/p>\n<p><strong>Lire aussi : <\/strong><\/p>\n","protected":false},"excerpt":{"rendered":"Image d\u2019illustration. (\u00a9 Tim Douet) Samedi 30 ao\u00fbt, l&rsquo;auteur des tirs de mortiers ayant provoqu\u00e9 la panique dans&hellip;\n","protected":false},"author":2,"featured_media":327334,"comment_status":"","ping_status":"","sticky":false,"template":"","format":"standard","meta":{"footnotes":""},"categories":[1889],"tags":[1111,11,2430,1777,674,1011,27,2428,12,25],"class_list":{"0":"post-363165","1":"post","2":"type-post","3":"status-publish","4":"format-standard","5":"has-post-thumbnail","7":"category-lyon","8":"tag-actu","9":"tag-actualites","10":"tag-auvergne-rhone-alpes","11":"tag-eu","12":"tag-europe","13":"tag-fr","14":"tag-france","15":"tag-lyon","16":"tag-news","17":"tag-republique-francaise"},"share_on_mastodon":{"url":"https:\/\/pubeurope.com\/@fr\/115140231423027426","error":""},"_links":{"self":[{"href":"https:\/\/www.europesays.com\/fr\/wp-json\/wp\/v2\/posts\/363165","targetHints":{"allow":["GET"]}}],"collection":[{"href":"https:\/\/www.europesays.com\/fr\/wp-json\/wp\/v2\/posts"}],"about":[{"href":"https:\/\/www.europesays.com\/fr\/wp-json\/wp\/v2\/types\/post"}],"author":[{"embeddable":true,"href":"https:\/\/www.europesays.com\/fr\/wp-json\/wp\/v2\/users\/2"}],"replies":[{"embeddable":true,"href":"https:\/\/www.europesays.com\/fr\/wp-json\/wp\/v2\/comments?post=363165"}],"version-history":[{"count":0,"href":"https:\/\/www.europesays.com\/fr\/wp-json\/wp\/v2\/posts\/363165\/revisions"}],"wp:featuredmedia":[{"embeddable":true,"href":"https:\/\/www.europesays.com\/fr\/wp-json\/wp\/v2\/media\/327334"}],"wp:attachment":[{"href":"https:\/\/www.europesays.com\/fr\/wp-json\/wp\/v2\/media?parent=363165"}],"wp:term":[{"taxonomy":"category","embeddable":true,"href":"https:\/\/www.europesays.com\/fr\/wp-json\/wp\/v2\/categories?post=363165"},{"taxonomy":"post_tag","embeddable":true,"href":"https:\/\/www.europesays.com\/fr\/wp-json\/wp\/v2\/tags?post=363165"}],"curies":[{"name":"wp","href":"https:\/\/api.w.org\/{rel}","templated":true}]}}