{"id":363168,"date":"2025-09-03T11:56:12","date_gmt":"2025-09-03T11:56:12","guid":{"rendered":"https:\/\/www.europesays.com\/fr\/363168\/"},"modified":"2025-09-03T11:56:12","modified_gmt":"2025-09-03T11:56:12","slug":"direct-mort-de-jean-pormanove-oui-les-autres-streamers-peuvent-encore-etre-poursuivis","status":"publish","type":"post","link":"https:\/\/www.europesays.com\/fr\/363168\/","title":{"rendered":"DIRECT. Mort de Jean Pormanove : \u00ab Oui, les autres streamers peuvent encore \u00eatre poursuivis \u00bb"},"content":{"rendered":"<p class=\"col subheadline margin_bottom_subheadline\">Comment un streamer peut-il mourir en direct sur Internet ? Que s&rsquo;est-il vraiment pass\u00e9 le 18 ao\u00fbt ? O\u00f9 en est aujourd&rsquo;hui l&rsquo;enqu\u00eate sur le d\u00e9c\u00e8s de Rapha\u00ebl Graven alias Jean Pormanove ? Enzo Guerini, qui suit cette affaire, r\u00e9pondra \u00e0 vos questions ce mercredi 3 septembre \u00e0 partir de 12 h. <\/p>\n<p>Par <a href=\"https:\/\/www.leparisien.fr\/auteur\/enzo-guerini\/\" class=\"author_link\" rel=\"nofollow noopener\" target=\"_blank\">Enzo Guerini<\/a>\u00a0<\/p>\n<p>Le 3 septembre 2025 \u00e0 10h30, modifi\u00e9 le 3 septembre 2025 \u00e0 13h50<\/p>\n","protected":false},"excerpt":{"rendered":"Comment un streamer peut-il mourir en direct sur Internet ? Que s&rsquo;est-il vraiment pass\u00e9 le 18 ao\u00fbt ?&hellip;\n","protected":false},"author":2,"featured_media":363169,"comment_status":"","ping_status":"","sticky":false,"template":"","format":"standard","meta":{"footnotes":""},"categories":[1888],"tags":[1111,1928,11,1927,1777,674,1011,27,820,12,1926,626,1925,25],"class_list":{"0":"post-363168","1":"post","2":"type-post","3":"status-publish","4":"format-standard","5":"has-post-thumbnail","7":"category-paris","8":"tag-actu","9":"tag-actu-paris","10":"tag-actualites","11":"tag-actualites-paris","12":"tag-eu","13":"tag-europe","14":"tag-fr","15":"tag-france","16":"tag-live","17":"tag-news","18":"tag-news-paris","19":"tag-paris","20":"tag-paris-news","21":"tag-republique-francaise"},"share_on_mastodon":{"url":"https:\/\/pubeurope.com\/@fr\/115140243275853382","error":""},"_links":{"self":[{"href":"https:\/\/www.europesays.com\/fr\/wp-json\/wp\/v2\/posts\/363168","targetHints":{"allow":["GET"]}}],"collection":[{"href":"https:\/\/www.europesays.com\/fr\/wp-json\/wp\/v2\/posts"}],"about":[{"href":"https:\/\/www.europesays.com\/fr\/wp-json\/wp\/v2\/types\/post"}],"author":[{"embeddable":true,"href":"https:\/\/www.europesays.com\/fr\/wp-json\/wp\/v2\/users\/2"}],"replies":[{"embeddable":true,"href":"https:\/\/www.europesays.com\/fr\/wp-json\/wp\/v2\/comments?post=363168"}],"version-history":[{"count":0,"href":"https:\/\/www.europesays.com\/fr\/wp-json\/wp\/v2\/posts\/363168\/revisions"}],"wp:featuredmedia":[{"embeddable":true,"href":"https:\/\/www.europesays.com\/fr\/wp-json\/wp\/v2\/media\/363169"}],"wp:attachment":[{"href":"https:\/\/www.europesays.com\/fr\/wp-json\/wp\/v2\/media?parent=363168"}],"wp:term":[{"taxonomy":"category","embeddable":true,"href":"https:\/\/www.europesays.com\/fr\/wp-json\/wp\/v2\/categories?post=363168"},{"taxonomy":"post_tag","embeddable":true,"href":"https:\/\/www.europesays.com\/fr\/wp-json\/wp\/v2\/tags?post=363168"}],"curies":[{"name":"wp","href":"https:\/\/api.w.org\/{rel}","templated":true}]}}