{"id":36317,"date":"2025-04-19T11:00:14","date_gmt":"2025-04-19T11:00:14","guid":{"rendered":"https:\/\/www.europesays.com\/fr\/36317\/"},"modified":"2025-04-19T11:00:14","modified_gmt":"2025-04-19T11:00:14","slug":"fontaine-la-grande-brocante-de-printemps-aura-lieu-le-27-avril","status":"publish","type":"post","link":"https:\/\/www.europesays.com\/fr\/36317\/","title":{"rendered":"Fontaine. La grande brocante de printemps aura lieu le 27\u00a0avril"},"content":{"rendered":"<p>La Ville de Fontaine organise sa premi\u00e8re grande brocante de printemps ouverte \u00e0 tous, le dimanche 27\u00a0avril prochain de 7\u00a0h \u00e0 17\u00a0h sur le parvis de l\u2019h\u00f4tel de ville. Cette journ\u00e9e permettra \u00e0 tous les Fontainois qui le souhaitent d\u2019avoir un stand afin de pouvoir donner une seconde vie aux objets dont ils n\u2019ont plus l\u2019utilit\u00e9. Une journ\u00e9e qui s\u2019inscrit dans une d\u00e9marche responsable en favorisant la r\u00e9utilisation et le recyclage\u00a0: livres, jouets, v\u00eatements, d\u00e9coration, petit \u00e9lectrom\u00e9nager\u2026 et autres objets. Cette premi\u00e8re \u00e9dition sera plac\u00e9e sous le signe de la convivialit\u00e9 avec notamment un espace solidaire compos\u00e9 d\u2019artistes et associations amateurs qui pr\u00e9senteront une multitude d\u2019id\u00e9es de cadeaux. Il y aura \u00e9galement plusieurs food-trucks ainsi qu\u2019une buvette et de nombreuses animations tout au long de cette journ\u00e9e.<\/p>\n<p class=\"note\">Infos et inscriptions au 06\u00a046\u00a090\u00a024\u00a076.<\/p>\n","protected":false},"excerpt":{"rendered":"La Ville de Fontaine organise sa premi\u00e8re grande brocante de printemps ouverte \u00e0 tous, le dimanche 27\u00a0avril prochain&hellip;\n","protected":false},"author":2,"featured_media":36318,"comment_status":"","ping_status":"","sticky":false,"template":"","format":"standard","meta":{"footnotes":""},"categories":[9566],"tags":[1111,11,2430,5738,11679,1687,112,1777,674,9592,11680,1011,27,2731,12,25,3365],"class_list":{"0":"post-36317","1":"post","2":"type-post","3":"status-publish","4":"format-standard","5":"has-post-thumbnail","7":"category-grenoble","8":"tag-actu","9":"tag-actualites","10":"tag-auvergne-rhone-alpes","11":"tag-bourses","12":"tag-brocantes","13":"tag-culture-loisirs","14":"tag-edition-grenoble-agglomeration","15":"tag-eu","16":"tag-europe","17":"tag-fontaine","18":"tag-fontaine-bassin","19":"tag-fr","20":"tag-france","21":"tag-grenoble","22":"tag-news","23":"tag-republique-francaise","24":"tag-vide-greniers"},"share_on_mastodon":{"url":"https:\/\/pubeurope.com\/@fr\/114364286539561074","error":""},"_links":{"self":[{"href":"https:\/\/www.europesays.com\/fr\/wp-json\/wp\/v2\/posts\/36317","targetHints":{"allow":["GET"]}}],"collection":[{"href":"https:\/\/www.europesays.com\/fr\/wp-json\/wp\/v2\/posts"}],"about":[{"href":"https:\/\/www.europesays.com\/fr\/wp-json\/wp\/v2\/types\/post"}],"author":[{"embeddable":true,"href":"https:\/\/www.europesays.com\/fr\/wp-json\/wp\/v2\/users\/2"}],"replies":[{"embeddable":true,"href":"https:\/\/www.europesays.com\/fr\/wp-json\/wp\/v2\/comments?post=36317"}],"version-history":[{"count":0,"href":"https:\/\/www.europesays.com\/fr\/wp-json\/wp\/v2\/posts\/36317\/revisions"}],"wp:featuredmedia":[{"embeddable":true,"href":"https:\/\/www.europesays.com\/fr\/wp-json\/wp\/v2\/media\/36318"}],"wp:attachment":[{"href":"https:\/\/www.europesays.com\/fr\/wp-json\/wp\/v2\/media?parent=36317"}],"wp:term":[{"taxonomy":"category","embeddable":true,"href":"https:\/\/www.europesays.com\/fr\/wp-json\/wp\/v2\/categories?post=36317"},{"taxonomy":"post_tag","embeddable":true,"href":"https:\/\/www.europesays.com\/fr\/wp-json\/wp\/v2\/tags?post=36317"}],"curies":[{"name":"wp","href":"https:\/\/api.w.org\/{rel}","templated":true}]}}