{"id":363176,"date":"2025-09-03T12:00:10","date_gmt":"2025-09-03T12:00:10","guid":{"rendered":"https:\/\/www.europesays.com\/fr\/363176\/"},"modified":"2025-09-03T12:00:10","modified_gmt":"2025-09-03T12:00:10","slug":"un-vieux-canon-dartillerie-datant-de-lere-sovietique-a-ete-officiellement-perdu-par-la-russie-msn","status":"publish","type":"post","link":"https:\/\/www.europesays.com\/fr\/363176\/","title":{"rendered":"Un vieux canon d&#039;artillerie datant de l&#039;\u00e8re sovi\u00e9tique a \u00e9t\u00e9 officiellement perdu par la Russie &#8211; MSN"},"content":{"rendered":"<ol>\n<li><a href=\"https:\/\/news.google.com\/rss\/articles\/CBMi_wFBVV95cUxPZ0dJLWtFOWloUG5vN1k3bFluMXNKdFZJdi0wTlVRQzhjaFY0V2lCaUg5V3VIYWZHbFktaFBtTnYtckFlelF4N0ZvNzJ4TmdmTnJMS0J4LWVCVkN3UU1LTlRkb19ncWg5QklHWExKVEFFUnFMWjdFd0w0OWFEZUNiSFVYcGF3czhTTXg1dkl4cWtDdW5uZng5ZFdmcEpTWWJQeVZBOVB1ZmQtVWVrakJRd1Q5U240Rlo4NnBsUVdXaHI3enBQSXNZWXE5T2prVU94OHJaemwzQ0dKRkdwQUhOMGxiNEVsbTBKbnpEOG9RRERkZW16NlMzVVdvWUx3TXM?oc=5\" target=\"_blank\" rel=\"nofollow noopener\">Un vieux canon d&rsquo;artillerie datant de l&rsquo;\u00e8re sovi\u00e9tique a \u00e9t\u00e9 officiellement perdu par la Russie<\/a>&nbsp;&nbsp;MSN<\/li>\n<li><a href=\"https:\/\/news.google.com\/rss\/articles\/CBMipgFBVV95cUxNc3V0S2JrQUJWWTB5UzlPT0liV3lybUlSS2FpMEJyaTdDREhFRGxHWGRrVWJ3QXE1SGdQd2d0Sk1NcC1IMlhaOEp3X1paam8xRGZ2M1JiLTdtdVFlTjZqZUN2Zk9qWHE3ME96NW5FUkQ1MjJuQVpKeXlqQTd4a3hFb244bnBDWDhzRnI4MURHODIzeGxiSFpSYVN0T2dOTFpnNnl3bFp3?oc=5\" target=\"_blank\" rel=\"nofollow noopener\">Stassin, Ikon\u00e9 : le Paris FC fait 2 folies XXL !<\/a>&nbsp;&nbsp;MSN<\/li>\n<li><a href=\"https:\/\/news.google.com\/rss\/articles\/CBMi1wFBVV95cUxNLXhfdjhzNjQwYUpxZWxRcTlaN0xXZFZidENQUGppQy1PZllfQXJubkNEVWJRdXFFT0RyNDN2VW5fV0VTVjZuYzlUZ0x0WS1CS2dNbkVlT0pFYUZIQXo1b09jSGVHcDU0UDB6ZlVPYl80a294eXNMNklFSWoyNktlZUQ5MDFmNE9JYnY5UU5ORzUxOVdkS3Rac0V6ZlRLWmExcE4wWjhRWVM2QklkWm9ZMGRwaGl4MzZ3dmRITkpPWXVWc2R5RTRKTzM0VUpXTWNLaVZkYXNXRQ?oc=5\" target=\"_blank\" rel=\"nofollow noopener\">20 fa\u00e7ons dont les robes ont \u00e9volu\u00e9 au fil des d\u00e9cennies<\/a>&nbsp;&nbsp;MSN<\/li>\n<li><a href=\"https:\/\/news.google.com\/rss\/articles\/CBMiiwJBVV95cUxQdkhZWHRpdjNLZzBSVncxXzZDMnpfQWxlS2loTHN4cU5xUU4yMTRJWVRNZG9LYk5kM1NSQzZZcWN1NkRydldtd28tOXRVdjRMT2E4dVVoZnN1YUtwdnYwajZ5eUZZNnhSUkZac1gxY2pEYnh4aHo4Ql8zT1Rlb3VGUWUtbkhQT1BiMkhlbFZrUENSTGNxRExjSWpxTWFLS0x3TE1yUjk0OGdDMnN6Nmt2TEZJX3FpYThEdDFhTkFmR082WlRqTi1kTldhcHhmdy1rcVVDTnpURXEweTgwVFhyMi0zUDhBM2otdHpkSExtRlVnUDdKSTdaQnZqQUYwV2ROZ2o2enU4WmxlQzg?oc=5\" target=\"_blank\" rel=\"nofollow noopener\">Les 10 meilleurs vernis \u00e0 ongles de pharmacie et 10 marques haut de gamme \u00e0 porter<\/a>&nbsp;&nbsp;MSN<\/li>\n<li><a href=\"https:\/\/news.google.com\/rss\/articles\/CBMi3gFBVV95cUxPRE1rU0RyaXVndlg1OVNlNUpfMGxHR2Q5LVJGWTNWZDByeUFOMkhNb1ZXRXlDWG1DNHFUMnJWeEUwNnRWYVZhWGxMazcyY0xpSnNicDNLTWFvTzNNUnhYVVRfQVJ0bGNnZ09BMTZzTFNSUnlMel9UVi1hYzRnRHRlb3pOUjlRR0xuSUstMjV0Y3R2dF9fcUhrSVc0M29ZWUZmSE1lY0Z2QS1ZWHhJMG15bkR4WlpaT3dIRXIxLXJSRjZIaXFTSllZUXZPcDR0aDVKMDdlcW5qUkxILXp4UXc?oc=5\" target=\"_blank\" rel=\"nofollow noopener\">Les 20 outils de beaut\u00e9 les plus chers du march\u00e9<\/a>&nbsp;&nbsp;MSN<\/li>\n<\/ol>\n","protected":false},"excerpt":{"rendered":"Un vieux canon d&rsquo;artillerie datant de l&rsquo;\u00e8re sovi\u00e9tique a \u00e9t\u00e9 officiellement perdu par la Russie&nbsp;&nbsp;MSN Stassin, Ikon\u00e9 :&hellip;\n","protected":false},"author":2,"featured_media":1445,"comment_status":"","ping_status":"","sticky":false,"template":"","format":"standard","meta":{"footnotes":""},"categories":[1591],"tags":[11,1887,12,1885,1886,132],"class_list":{"0":"post-363176","1":"post","2":"type-post","3":"status-publish","4":"format-standard","5":"has-post-thumbnail","7":"category-russie","8":"tag-actualites","9":"tag-federation-de-russie","10":"tag-news","11":"tag-russia","12":"tag-russian-federation","13":"tag-russie"},"share_on_mastodon":{"url":"https:\/\/pubeurope.com\/@fr\/115140258955916534","error":""},"_links":{"self":[{"href":"https:\/\/www.europesays.com\/fr\/wp-json\/wp\/v2\/posts\/363176","targetHints":{"allow":["GET"]}}],"collection":[{"href":"https:\/\/www.europesays.com\/fr\/wp-json\/wp\/v2\/posts"}],"about":[{"href":"https:\/\/www.europesays.com\/fr\/wp-json\/wp\/v2\/types\/post"}],"author":[{"embeddable":true,"href":"https:\/\/www.europesays.com\/fr\/wp-json\/wp\/v2\/users\/2"}],"replies":[{"embeddable":true,"href":"https:\/\/www.europesays.com\/fr\/wp-json\/wp\/v2\/comments?post=363176"}],"version-history":[{"count":0,"href":"https:\/\/www.europesays.com\/fr\/wp-json\/wp\/v2\/posts\/363176\/revisions"}],"wp:featuredmedia":[{"embeddable":true,"href":"https:\/\/www.europesays.com\/fr\/wp-json\/wp\/v2\/media\/1445"}],"wp:attachment":[{"href":"https:\/\/www.europesays.com\/fr\/wp-json\/wp\/v2\/media?parent=363176"}],"wp:term":[{"taxonomy":"category","embeddable":true,"href":"https:\/\/www.europesays.com\/fr\/wp-json\/wp\/v2\/categories?post=363176"},{"taxonomy":"post_tag","embeddable":true,"href":"https:\/\/www.europesays.com\/fr\/wp-json\/wp\/v2\/tags?post=363176"}],"curies":[{"name":"wp","href":"https:\/\/api.w.org\/{rel}","templated":true}]}}