{"id":363177,"date":"2025-09-03T12:01:14","date_gmt":"2025-09-03T12:01:14","guid":{"rendered":"https:\/\/www.europesays.com\/fr\/363177\/"},"modified":"2025-09-03T12:01:14","modified_gmt":"2025-09-03T12:01:14","slug":"guerre-en-ukraine-volodymyr-zelensky-a-paris-pour-une-reunion-de-la-coalition-des-volontaires","status":"publish","type":"post","link":"https:\/\/www.europesays.com\/fr\/363177\/","title":{"rendered":"Guerre en Ukraine : Volodymyr Zelensky \u00e0 Paris pour une r\u00e9union de la \u00ab\u00a0coalition des volontaires\u00a0\u00bb"},"content":{"rendered":"<p>\n                    Publi\u00e9 le                 03\/09\/2025 &#8211; 13:01 UTC+2<br \/>\n                \u2022Mis \u00e0 jour<br \/>\n                                     13:18\n                                        <\/p>\n<p>          <img decoding=\"async\" class=\"c-ad__placeholder__logo\" src=\"https:\/\/static.euronews.com\/website\/images\/logos\/logo-euronews-stacked-outlined-72x72-grey-9.svg\" width=\"72\" height=\"72\" alt=\"\" loading=\"lazy\"\/><br \/>\n          PUBLICIT\u00c9<\/p>\n<p>La Russie continue son offensive en Ukraine et a lanc\u00e9, dans la nuit du mardi 2 au mercredi 3 septembre, une attaque a\u00e9rienne de grande envergure, blessant au moins quatre cheminots et poussant la Pologne a d\u00e9ployer des avions de chasse. <\/p>\n<p>Dans le m\u00eame temps, Volodymr Zelensky continue de faire appel \u00e0 ses alli\u00e9s europ\u00e9ens. Le pr\u00e9sident ukrainien va rencontrer, cet apr\u00e8s-midi, les dirigeants nordiques et baltes \u00e0 Copenhague afin de discuter d&rsquo;un soutien suppl\u00e9mentaire sur le front ou dans les n\u00e9gociations avec Washington et Moscou. \u00ab\u00a0Nous pr\u00e9parons des renforts importants pour l&rsquo;Ukraine\u00a0\u00bb, a-t-il \u00e9crit sur X.<\/p>\n<p>Le lendemain, jeudi 4 septembre, c&rsquo;est \u00e0 Paris que Volodymyr Zelensky assistera \u00e0 une r\u00e9union avec la pr\u00e9sidente de la Commission europ\u00e9enne, Ursula von der Leyen, le secr\u00e9taire g\u00e9n\u00e9ral de l&rsquo;Otan, Mark Rutte, et les dirigeants fran\u00e7ais, allemand et britannique. <\/p>\n<p>\u00ab\u00a0Nous pr\u00e9parons \u00e9galement un format de coalition des volontaires et de nouvelles mesures dans le cadre de nos relations avec l&rsquo;Union europ\u00e9enne et les \u00c9tats-Unis\u00a0\u00bb, a-t-il \u00e9galement affirm\u00e9. \u00ab\u00a0Je remercie tous ceux qui apportent leur aide. Chaque frappe russe doit recevoir une r\u00e9ponse concr\u00e8te.\u00a0\u00bb<\/p>\n<p>Volodymyr Zelensky rencontrera \u00e9galement, d\u00e8s ce soir, le pr\u00e9sident fran\u00e7ais pour un entretien et un d\u00eener de travail.<\/p>\n<p>Emmanuel Macron et Keir Starmer sont \u00e0 la t\u00eate d&rsquo;une \u00ab\u00a0coalition des volontaires\u00a0\u00bb regroupant une trentaine de pays et visant \u00e0 pr\u00e9senter une offre europ\u00e9enne solide pour prot\u00e9ger les Ukrainiens.<\/p>\n","protected":false},"excerpt":{"rendered":"Publi\u00e9 le 03\/09\/2025 &#8211; 13:01 UTC+2 \u2022Mis \u00e0 jour 13:18 PUBLICIT\u00c9 La Russie continue son offensive en Ukraine&hellip;\n","protected":false},"author":2,"featured_media":363178,"comment_status":"","ping_status":"","sticky":false,"template":"","format":"standard","meta":{"footnotes":""},"categories":[1590],"tags":[11,1073,1777,674,4710,131,2581,12,220,134],"class_list":{"0":"post-363177","1":"post","2":"type-post","3":"status-publish","4":"format-standard","5":"has-post-thumbnail","7":"category-ukraine","8":"tag-actualites","9":"tag-emmanuel-macron","10":"tag-eu","11":"tag-europe","12":"tag-friedrich-merz","13":"tag-guerre-en-ukraine","14":"tag-keir-starmer","15":"tag-news","16":"tag-ukraine","17":"tag-volodymyr-zelensky"},"share_on_mastodon":{"url":"https:\/\/pubeurope.com\/@fr\/115140262914865037","error":""},"_links":{"self":[{"href":"https:\/\/www.europesays.com\/fr\/wp-json\/wp\/v2\/posts\/363177","targetHints":{"allow":["GET"]}}],"collection":[{"href":"https:\/\/www.europesays.com\/fr\/wp-json\/wp\/v2\/posts"}],"about":[{"href":"https:\/\/www.europesays.com\/fr\/wp-json\/wp\/v2\/types\/post"}],"author":[{"embeddable":true,"href":"https:\/\/www.europesays.com\/fr\/wp-json\/wp\/v2\/users\/2"}],"replies":[{"embeddable":true,"href":"https:\/\/www.europesays.com\/fr\/wp-json\/wp\/v2\/comments?post=363177"}],"version-history":[{"count":0,"href":"https:\/\/www.europesays.com\/fr\/wp-json\/wp\/v2\/posts\/363177\/revisions"}],"wp:featuredmedia":[{"embeddable":true,"href":"https:\/\/www.europesays.com\/fr\/wp-json\/wp\/v2\/media\/363178"}],"wp:attachment":[{"href":"https:\/\/www.europesays.com\/fr\/wp-json\/wp\/v2\/media?parent=363177"}],"wp:term":[{"taxonomy":"category","embeddable":true,"href":"https:\/\/www.europesays.com\/fr\/wp-json\/wp\/v2\/categories?post=363177"},{"taxonomy":"post_tag","embeddable":true,"href":"https:\/\/www.europesays.com\/fr\/wp-json\/wp\/v2\/tags?post=363177"}],"curies":[{"name":"wp","href":"https:\/\/api.w.org\/{rel}","templated":true}]}}