{"id":363179,"date":"2025-09-03T12:02:13","date_gmt":"2025-09-03T12:02:13","guid":{"rendered":"https:\/\/www.europesays.com\/fr\/363179\/"},"modified":"2025-09-03T12:02:13","modified_gmt":"2025-09-03T12:02:13","slug":"la-decision-des-usa-de-ne-pas-accorder-de-visas-aux-responsables-palestiniens-est-inacceptable","status":"publish","type":"post","link":"https:\/\/www.europesays.com\/fr\/363179\/","title":{"rendered":"\u00ab La d\u00e9cision des USA de ne pas accorder de visas aux responsables palestiniens est inacceptable \u00bb"},"content":{"rendered":"<p>Le pr\u00e9sident fran\u00e7ais Emmanuel Macron a annonc\u00e9 qu\u2019il avait eu une conversation avec Son Altesse le prince h\u00e9ritier du Royaume d\u2019Arabie Saoudite, Mohammed\u00a0ben Salmane, et a confirm\u00e9 qu\u2019ils copr\u00e9sideraient ensemble la conf\u00e9rence sur la solution \u00e0 deux \u00c9tats \u00e0 New York, le 22 septembre.<\/p>\n<p>Le pr\u00e9sident fran\u00e7ais a d\u00e9clar\u00e9 que la d\u00e9cision des \u00c9tats-Unis de ne pas accorder de visas aux responsables palestiniens \u00e9tait inacceptable. Il a appel\u00e9 \u00e0 revenir sur cette mesure et \u00e0 permettre une repr\u00e9sentation palestinienne conforme \u00e0 l\u2019accord avec le pays h\u00f4te.<\/p>\n<p>Il a ensuite ajout\u00e9 :<br \/>\u00ab\u00a0Notre objectif est clair : mobiliser le plus large soutien international possible en faveur de la solution \u00e0 deux \u00c9tats, qui est la seule voie capable de r\u00e9pondre aux aspirations l\u00e9gitimes des Isra\u00e9liens et des Palestiniens.<\/p>\n<p>Cela implique la mise en \u0153uvre d\u2019un cessez-le-feu permanent, la lib\u00e9ration de tous les otages, l\u2019acheminement d\u2019une aide humanitaire massive \u00e0 la population de Gaza, ainsi que le d\u00e9ploiement d\u2019une mission pour stabiliser la situation \u00e0 Gaza.<\/p>\n<p>Nous \u0153uvrons \u00e9galement pour que le &lsquo;lendemain&rsquo; voie le d\u00e9sarmement du mouvement Hamas, son exclusion de toute gouvernance de la bande de Gaza, la r\u00e9forme et le renforcement de l\u2019Autorit\u00e9 palestinienne, ainsi que la reconstruction compl\u00e8te de la bande de Gaza.\u00a0\u00bb<\/p>\n","protected":false},"excerpt":{"rendered":"Le pr\u00e9sident fran\u00e7ais Emmanuel Macron a annonc\u00e9 qu\u2019il avait eu une conversation avec Son Altesse le prince h\u00e9ritier&hellip;\n","protected":false},"author":2,"featured_media":363180,"comment_status":"","ping_status":"","sticky":false,"template":"","format":"standard","meta":{"footnotes":""},"categories":[1589],"tags":[11,73,1866,12,1864,1865,1863,308],"class_list":{"0":"post-363179","1":"post","2":"type-post","3":"status-publish","4":"format-standard","5":"has-post-thumbnail","7":"category-etats-unis","8":"tag-actualites","9":"tag-etats-unis","10":"tag-etats-unis-damerique","11":"tag-news","12":"tag-united-states","13":"tag-united-states-of-america","14":"tag-us","15":"tag-usa"},"share_on_mastodon":{"url":"https:\/\/pubeurope.com\/@fr\/115140266747400072","error":""},"_links":{"self":[{"href":"https:\/\/www.europesays.com\/fr\/wp-json\/wp\/v2\/posts\/363179","targetHints":{"allow":["GET"]}}],"collection":[{"href":"https:\/\/www.europesays.com\/fr\/wp-json\/wp\/v2\/posts"}],"about":[{"href":"https:\/\/www.europesays.com\/fr\/wp-json\/wp\/v2\/types\/post"}],"author":[{"embeddable":true,"href":"https:\/\/www.europesays.com\/fr\/wp-json\/wp\/v2\/users\/2"}],"replies":[{"embeddable":true,"href":"https:\/\/www.europesays.com\/fr\/wp-json\/wp\/v2\/comments?post=363179"}],"version-history":[{"count":0,"href":"https:\/\/www.europesays.com\/fr\/wp-json\/wp\/v2\/posts\/363179\/revisions"}],"wp:featuredmedia":[{"embeddable":true,"href":"https:\/\/www.europesays.com\/fr\/wp-json\/wp\/v2\/media\/363180"}],"wp:attachment":[{"href":"https:\/\/www.europesays.com\/fr\/wp-json\/wp\/v2\/media?parent=363179"}],"wp:term":[{"taxonomy":"category","embeddable":true,"href":"https:\/\/www.europesays.com\/fr\/wp-json\/wp\/v2\/categories?post=363179"},{"taxonomy":"post_tag","embeddable":true,"href":"https:\/\/www.europesays.com\/fr\/wp-json\/wp\/v2\/tags?post=363179"}],"curies":[{"name":"wp","href":"https:\/\/api.w.org\/{rel}","templated":true}]}}