{"id":363181,"date":"2025-09-03T12:03:11","date_gmt":"2025-09-03T12:03:11","guid":{"rendered":"https:\/\/www.europesays.com\/fr\/363181\/"},"modified":"2025-09-03T12:03:11","modified_gmt":"2025-09-03T12:03:11","slug":"lucy-connolly-legerie-de-lextreme-droite-britannique-dont-le-sort-interesse-ladministration-trump","status":"publish","type":"post","link":"https:\/\/www.europesays.com\/fr\/363181\/","title":{"rendered":"Lucy Connolly, l\u2019\u00e9g\u00e9rie de l\u2019extr\u00eame droite britannique dont le sort int\u00e9resse l\u2019administration Trump"},"content":{"rendered":"<p>                         <img loading=\"lazy\" decoding=\"async\" src=\"https:\/\/www.europesays.com\/fr\/wp-content\/uploads\/2025\/09\/f3c9c00_upload-1-cgbzfmdoxdkr-sipa-sipa60012405-000010.jpg\" alt=\"Devant la Cour royale de justice avant l\u2019appel de Lucy Connolly, des membres de la Free Speech Union (\u00ab\u00a0union pour la libert\u00e9 d\u2019expression\u00a0\u00bb) et des sympathisants, dont Raymond Connolly, son mari et conseiller, manifestent \u00e0 Londres, le 15\u00a0mai 2025. \"   width=\"664\" height=\"443\"\/>    Devant la Cour royale de justice avant l\u2019appel de Lucy Connolly, des membres de la Free Speech Union (\u00ab\u00a0union pour la libert\u00e9 d\u2019expression\u00a0\u00bb) et des sympathisants, dont Raymond Connolly, son mari et conseiller, manifestent \u00e0 Londres, le 15\u00a0mai 2025.  VUK VALCIC\/ZUMA\/SIPA                 <\/p>\n<p class=\"article__paragraph  \">Nigel Farage, le chef de file du parti populiste ReformUK, devait \u00eatre auditionn\u00e9 mercredi 3\u00a0septembre, \u00e0 Washington, par les membres de la commission justice de la Chambre des repr\u00e9sentants des Etats-Unis sur l\u2019\u00e9tat de la libert\u00e9 d\u2019expression au Royaume-Uni. Face \u00e0 Jim Jordan, un proche alli\u00e9 de Donald Trump, le d\u00e9put\u00e9 britannique, dont le parti, ReformUK, fait la course en t\u00eate dans les sondages et qui se voit d\u00e9j\u00e0 \u00e0 Downing Street, devait saisir l\u2019occasion pour aborder le cas de Lucy Connolly, consid\u00e9r\u00e9e par l\u2019extr\u00eame droite britannique comme une des principales victimes des suppos\u00e9s abus du gouvernement travailliste de Keir Starmer.<\/p>\n<p class=\"article__paragraph  \">L\u2019assistante maternelle de 42\u00a0ans a \u00e9t\u00e9 condamn\u00e9e \u00e0 trente et un\u00a0mois de prison ferme en octobre\u00a02024\u00a0pour incitation \u00e0 la haine raciale. Elle avait post\u00e9 un tweet, le 29\u00a0juillet\u00a02024, jour du drame de Southport lors duquel trois fillettes ont \u00e9t\u00e9 poignard\u00e9es \u00e0 mort par un adolescent, appelant aux \u00ab\u00a0expulsions de masse\u00a0imm\u00e9diates\u00a0\u00bb et pressant ses milliers d\u2019abonn\u00e9s en ligne \u00e0 \u00ab\u00a0mettre le feu\u00a0\u00bb aux h\u00f4tels h\u00e9bergeant des demandeurs d\u2019asile. Cette habitante de Northampton, mari\u00e9e \u00e0 un conseiller municipal conservateur, r\u00e9agissait \u00e0 une rumeur attribuant \u00e0 tort la tuerie \u00e0 un demandeur d\u2019asile.<\/p>\n<p class=\"reading-mode-only \"><strong>Il vous reste 76.2% de cet article \u00e0 lire. La suite est r\u00e9serv\u00e9e aux abonn\u00e9s.<\/strong><\/p>\n","protected":false},"excerpt":{"rendered":"Devant la Cour royale de justice avant l\u2019appel de Lucy Connolly, des membres de la Free Speech Union&hellip;\n","protected":false},"author":2,"featured_media":363182,"comment_status":"","ping_status":"","sticky":false,"template":"","format":"standard","meta":{"footnotes":""},"categories":[1588],"tags":[11,1777,674,12,473,1853,1851,1850,1852],"class_list":{"0":"post-363181","1":"post","2":"type-post","3":"status-publish","4":"format-standard","5":"has-post-thumbnail","7":"category-royaume-uni","8":"tag-actualites","9":"tag-eu","10":"tag-europe","11":"tag-news","12":"tag-royaume-uni","13":"tag-royaume-uni-de-grande-bretagne-et-dirlande-du-nord","14":"tag-uk","15":"tag-united-kingdom","16":"tag-united-kingdom-of-great-britain-and-northern-ireland"},"share_on_mastodon":{"url":"https:\/\/pubeurope.com\/@fr\/115140270783277101","error":""},"_links":{"self":[{"href":"https:\/\/www.europesays.com\/fr\/wp-json\/wp\/v2\/posts\/363181","targetHints":{"allow":["GET"]}}],"collection":[{"href":"https:\/\/www.europesays.com\/fr\/wp-json\/wp\/v2\/posts"}],"about":[{"href":"https:\/\/www.europesays.com\/fr\/wp-json\/wp\/v2\/types\/post"}],"author":[{"embeddable":true,"href":"https:\/\/www.europesays.com\/fr\/wp-json\/wp\/v2\/users\/2"}],"replies":[{"embeddable":true,"href":"https:\/\/www.europesays.com\/fr\/wp-json\/wp\/v2\/comments?post=363181"}],"version-history":[{"count":0,"href":"https:\/\/www.europesays.com\/fr\/wp-json\/wp\/v2\/posts\/363181\/revisions"}],"wp:featuredmedia":[{"embeddable":true,"href":"https:\/\/www.europesays.com\/fr\/wp-json\/wp\/v2\/media\/363182"}],"wp:attachment":[{"href":"https:\/\/www.europesays.com\/fr\/wp-json\/wp\/v2\/media?parent=363181"}],"wp:term":[{"taxonomy":"category","embeddable":true,"href":"https:\/\/www.europesays.com\/fr\/wp-json\/wp\/v2\/categories?post=363181"},{"taxonomy":"post_tag","embeddable":true,"href":"https:\/\/www.europesays.com\/fr\/wp-json\/wp\/v2\/tags?post=363181"}],"curies":[{"name":"wp","href":"https:\/\/api.w.org\/{rel}","templated":true}]}}