{"id":363183,"date":"2025-09-03T12:04:12","date_gmt":"2025-09-03T12:04:12","guid":{"rendered":"https:\/\/www.europesays.com\/fr\/363183\/"},"modified":"2025-09-03T12:04:12","modified_gmt":"2025-09-03T12:04:12","slug":"linde-compte-sur-le-soutien-de-lallemagne-pour-accelerer-les-negociations-commerciales-avec-lue-3","status":"publish","type":"post","link":"https:\/\/www.europesays.com\/fr\/363183\/","title":{"rendered":"L&rsquo;Inde compte sur le soutien de l&rsquo;Allemagne pour acc\u00e9l\u00e9rer les n\u00e9gociations commerciales avec l&rsquo;UE"},"content":{"rendered":"<p>L&rsquo;Inde mise sur le soutien de l&rsquo;Allemagne pour renforcer ses liens avec l&rsquo;Union europ\u00e9enne et acc\u00e9l\u00e9rer les discussions commerciales, a d\u00e9clar\u00e9 mercredi le ministre indien des Affaires \u00e9trang\u00e8res, Subrahmanyam Jaishankar, tout en appelant \u00e0 doubler les \u00e9changes bilat\u00e9raux avec Berlin.<\/p>\n<p>Jaishankar a rencontr\u00e9 son homologue allemand, Johann Wadephul, actuellement en visite de deux jours en Inde, \u00e0 New Delhi. Les deux ministres ont ensuite plaid\u00e9 pour une augmentation des \u00e9changes commerciaux bilat\u00e9raux, notamment dans les secteurs de la d\u00e9fense et de la s\u00e9curit\u00e9.<\/p>\n<p>\u00ab\u00a0Nous comptons sur votre soutien pour approfondir notre relation avec l&rsquo;Union europ\u00e9enne et acc\u00e9l\u00e9rer la n\u00e9gociation de l&rsquo;accord de libre-\u00e9change\u00a0\u00bb, a d\u00e9clar\u00e9 Jaishankar \u00e0 Wadephul au d\u00e9but de leurs discussions, faisant r\u00e9f\u00e9rence \u00e0 un accord de libre-\u00e9change (FTA).<\/p>\n<p>Les n\u00e9gociations commerciales entre l&rsquo;Inde et l&rsquo;UE, qui ont repris en 2021 apr\u00e8s huit ans d&rsquo;interruption, se heurtent \u00e0 des obstacles. L&rsquo;UE souhaite r\u00e9duire les taxes \u00e0 l&rsquo;importation sur les voitures et les produits laitiers, tout en exigeant des normes plus strictes sur le climat et le travail concernant les produits indiens.<\/p>\n<p>L&rsquo;Inde, de son c\u00f4t\u00e9, cherche \u00e0 prot\u00e9ger ses agriculteurs locaux, \u00e9viter des r\u00e8gles \u00e9cologiques trop contraignantes et conserver le contr\u00f4le sur les litiges juridiques.<\/p>\n<p>Alors que Jaishankar a affirm\u00e9 devant la presse, \u00e0 l&rsquo;issue de la r\u00e9union de mercredi, que l&rsquo;Inde souhaitait une \u00ab\u00a0conclusion d\u00e9cisive\u00a0\u00bb du FTA dans les prochains jours, le ministre allemand a estim\u00e9 que l&rsquo;accord pourrait \u00eatre conclu dans les prochains mois.<\/p>\n<p>\u00ab\u00a0Si d&rsquo;autres \u00e9rigent des barri\u00e8res commerciales, nous devrions r\u00e9pondre en les abaissant\u00a0\u00bb, a d\u00e9clar\u00e9 Wadephul.<\/p>\n<p>Le ministre indien du Commerce, Piyush Goyal, avait indiqu\u00e9 mardi que des discussions \u00e9taient en cours entre responsables commerciaux \u00e0 Bruxelles.<\/p>\n<p>La visite de Wadephul intervient quelques jours apr\u00e8s que les \u00c9tats-Unis ont doubl\u00e9 leurs droits de douane sur les produits indiens, imposant une taxe suppl\u00e9mentaire punitive de 25\u00a0% sur les achats indiens de p\u00e9trole russe. Cette mesure, consid\u00e9r\u00e9e par Washington comme un financement de l&rsquo;effort de guerre de Moscou en Ukraine, s&rsquo;ajoute au premier tarif de 25\u00a0% annonc\u00e9 en juillet.<\/p>\n<p>L&rsquo;Inde a vivement critiqu\u00e9 tant les \u00c9tats-Unis que l&rsquo;UE, estimant \u00eatre injustement cibl\u00e9e au sujet de ses achats de p\u00e9trole russe, alors que ces deux partenaires continuent \u00e9galement de commercer de mani\u00e8re \u00e9tendue avec Moscou, en d\u00e9pit de la guerre en Ukraine.<\/p>\n","protected":false},"excerpt":{"rendered":"L&rsquo;Inde mise sur le soutien de l&rsquo;Allemagne pour renforcer ses liens avec l&rsquo;Union europ\u00e9enne et acc\u00e9l\u00e9rer les discussions&hellip;\n","protected":false},"author":2,"featured_media":363184,"comment_status":"","ping_status":"","sticky":false,"template":"","format":"standard","meta":{"footnotes":""},"categories":[1587],"tags":[11,672,340,1804,1805,1803,1777,674,1801,12,1802],"class_list":{"0":"post-363183","1":"post","2":"type-post","3":"status-publish","4":"format-standard","5":"has-post-thumbnail","7":"category-allemagne","8":"tag-actualites","9":"tag-allemagne","10":"tag-bourse","11":"tag-bundesrepublik-deutschland","12":"tag-de","13":"tag-deutschland","14":"tag-eu","15":"tag-europe","16":"tag-germany","17":"tag-news","18":"tag-republique-federale-dallemagne"},"share_on_mastodon":{"url":"https:\/\/pubeurope.com\/@fr\/115140274724811939","error":""},"_links":{"self":[{"href":"https:\/\/www.europesays.com\/fr\/wp-json\/wp\/v2\/posts\/363183","targetHints":{"allow":["GET"]}}],"collection":[{"href":"https:\/\/www.europesays.com\/fr\/wp-json\/wp\/v2\/posts"}],"about":[{"href":"https:\/\/www.europesays.com\/fr\/wp-json\/wp\/v2\/types\/post"}],"author":[{"embeddable":true,"href":"https:\/\/www.europesays.com\/fr\/wp-json\/wp\/v2\/users\/2"}],"replies":[{"embeddable":true,"href":"https:\/\/www.europesays.com\/fr\/wp-json\/wp\/v2\/comments?post=363183"}],"version-history":[{"count":0,"href":"https:\/\/www.europesays.com\/fr\/wp-json\/wp\/v2\/posts\/363183\/revisions"}],"wp:featuredmedia":[{"embeddable":true,"href":"https:\/\/www.europesays.com\/fr\/wp-json\/wp\/v2\/media\/363184"}],"wp:attachment":[{"href":"https:\/\/www.europesays.com\/fr\/wp-json\/wp\/v2\/media?parent=363183"}],"wp:term":[{"taxonomy":"category","embeddable":true,"href":"https:\/\/www.europesays.com\/fr\/wp-json\/wp\/v2\/categories?post=363183"},{"taxonomy":"post_tag","embeddable":true,"href":"https:\/\/www.europesays.com\/fr\/wp-json\/wp\/v2\/tags?post=363183"}],"curies":[{"name":"wp","href":"https:\/\/api.w.org\/{rel}","templated":true}]}}